[{"command":"settings","settings":{"pluralDelimiter":"\u0003","suppressDeprecationErrors":true,"ajaxPageState":{"libraries":"eJxLzi9K1S_ITC4pLUpNy8zJ0UmpzEvMzUyOT80rySypjM_JLC7RL87IL4_PBaoEALH_EqY","theme":"ivory","theme_token":null},"ajaxTrustedUrl":[],"user":{"uid":0,"permissionsHash":"9c975576f1b96e43d31b3ff34c1ca6b53b6096ff14d83974ef00f2d68011e8fb"}},"merge":true},{"command":"add_css","data":[{"rel":"stylesheet","media":"all","href":"\/core\/themes\/stable9\/css\/core\/components\/progress.module.css?te7139"},{"rel":"stylesheet","media":"all","href":"\/core\/themes\/stable9\/css\/core\/components\/ajax-progress.module.css?te7139"},{"rel":"stylesheet","media":"all","href":"\/themes\/contrib\/gin\/dist\/css\/components\/ajax.css?te7139"}]},{"command":"add_js","selector":"body","data":[{"src":"\/core\/assets\/vendor\/jquery\/jquery.min.js?v=4.0.0"},{"src":"\/sites\/default\/files\/js\/js_vZHPysHCgnEP2IP4kU6fYJyvPKSDJOqPSndg5yWEofc.js?scope=footer\u0026delta=1\u0026language=de-bm\u0026theme=ivory\u0026include=eJxLqcxLzM1Mjk_NK8ksqYzPySwu0S_OyC-Pz80vSgUAtBcL_w"}]},{"command":"showMoreTeasers","id":"del--paragraph-567710","content":"\u003Ca href=\u0022\/baumetall-extra\/das-online-extra-zur-baumetall-reportage-ein-paradies-fuer-maurer-baumetaller-und\u0022  class=\u0022teaser teaser--standard\u0022 aria-label=\u0022Ein Paradies, f\u00fcr Maurer, Baumetaller und Dachhandwerker\u0022\u003E\n      \u003Cdiv class=\u0022teaser-content--image\u0022\u003E\n        \u003Cfigure class=\u0022image--figure\u0022\u003E\n        \u003Cpicture\u003E\n                        \u003Csource srcset=\u0022\/sites\/default\/files\/styles\/teaser_standard__m\/public\/aurora\/2025\/12\/500660.jpeg.webp?itok=GEz1rKAP 1x\u0022 media=\u0022(min-width: 48.0625em) and (max-width: 64em)\u0022 type=\u0022image\/webp\u0022 width=\u0022135\u0022 height=\u0022242\u0022\/\u003E\n                  \u003Csource srcset=\u0022\/sites\/default\/files\/styles\/teaser_standard__l\/public\/aurora\/2025\/12\/500660.jpeg.webp?itok=uKZ6tByj 1x\u0022 media=\u0022(min-width: 64.0625em)\u0022 type=\u0022image\/webp\u0022 width=\u002285\u0022 height=\u0022152\u0022\/\u003E\n                  \u003Csource srcset=\u0022\/sites\/default\/files\/styles\/teaser_standard__m\/public\/aurora\/2025\/12\/500660.jpeg?itok=WKyG9sbZ 1x\u0022 media=\u0022(min-width: 48.0625em) and (max-width: 64em)\u0022 type=\u0022image\/jpeg\u0022 width=\u0022135\u0022 height=\u0022242\u0022\/\u003E\n                  \u003Csource srcset=\u0022\/sites\/default\/files\/styles\/teaser_standard__l\/public\/aurora\/2025\/12\/500660.jpeg?itok=ud9l3VtU 1x\u0022 media=\u0022(min-width: 64.0625em)\u0022 type=\u0022image\/jpeg\u0022 width=\u002285\u0022 height=\u0022152\u0022\/\u003E\n                          \u003Cimg alt=\u0022\u00dcber chinesische Bautradition und moderne Metallarchitektur\u0022 loading=\u0022eager\u0022 data-caption-hide width=\u0022221\u0022 height=\u0022398\u0022 data-zoomed=\u0022https:\/\/www.baumetall.de\/sites\/default\/files\/styles\/content__zoomed\/public\/aurora\/2025\/12\/500660.jpeg?itok=ZDPC7sqa\u0022 src=\u0022\/sites\/default\/files\/styles\/teaser_standard__s\/public\/aurora\/2025\/12\/500660.jpeg?itok=Nu0AN29L\u0022 title=\u0022Beleuchtete traditionelle chinesische Tore bei Nacht mit deutschem Text \u00fcber Bauberufe in China. - \u00a9 BAUMETALL\u0022 \/\u003E\n\n    \u003C\/picture\u003E\n      \u003Cfigcaption class=\u0022image--figcaption\u0022\u003E\n          \u003Cdiv class=\u0022copyright\u0022\u003EBAUMETALL\u003C\/div\u003E\n          \u003C\/figcaption\u003E\n\u003C\/figure\u003E\n\n\n    \u003C\/div\u003E\n    \u003Cdiv class=\u0022teaser-content\u0022\u003E\n                    \u003Cdiv class=\u0022teaser-content--kicker\u0022\u003E\n                    Das ONLINE-EXTRA zur BAUMETALL-Reportage\n        \u003C\/div\u003E\n                                              \n                        \n        \u003Ch4 class=\u0022teaser-content--headline\u0022\u003E\n                                Ein Paradies, f\u00fcr Maurer, Baumetaller und \n                              \u003Cspan class=\u0022headline-last-word-arrow\u0022\u003EDachhandwerker                      \u003C\/span\u003E\n        \u003C\/h4\u003E\n            \u003Cdiv class=\u0022teaser-content--publishing-date\u0022\u003E\u003Ctime datetime=\u00222025-12-01T08:45:04Z\u0022\u003E01.12.2025\u003C\/time\u003E\n\u003C\/div\u003E\u003Cspan class=\u0022teaser-content--publishing-date-divider\u0022\u003E - \u003C\/span\u003E\u003Cdiv class=\u0022teaser-content--body\u0022\u003E  \u003Cp\u003EAndere L\u00e4nder. Andere D\u00e4cher! Dieses Online-Extra stellt \u00fcberraschend andere, traditionelle und moderne Bauweisen im Reich der Mitte vor.\u0026nbsp;\u003C\/p\u003E\n\u003Cp\u003EErg\u00e4nzend zur in BAUMETALL-Ausgabe 8\/2025 erschienenen Reportage werden zum Beispiel landestypische Metallarbeiten, Ziegeldeckungen und Holzkonstruktionen gezeigt...\u003C\/p\u003E\n\n\n\u003C\/div\u003E\n                        \u003Cspan class=\u0022read-more-arrow-container\u0022\u003E\n            \u003Cspan class=\u0022read-more-angled-arrow\u0022\u003E \u003C\/span\u003E\n          \u003C\/span\u003E\n                  \u003C\/div\u003E\n    \u003C\/a\u003E\n\u003Ca href=\u0022\/baumetall-extra\/fundstueck-haus-am-ginkgo\u0022  class=\u0022teaser teaser--standard\u0022 aria-label=\u0022Haus am Ginkgo\u0022\u003E\n      \u003Cdiv class=\u0022teaser-content--image\u0022\u003E\n        \u003Cfigure class=\u0022image--figure\u0022\u003E\n        \u003Cpicture\u003E\n                        \u003Csource srcset=\u0022\/sites\/default\/files\/styles\/teaser_standard__m\/public\/aurora\/2025\/09\/479974.gif.webp?itok=2-b-Nm3y 1x\u0022 media=\u0022(min-width: 48.0625em) and (max-width: 64em)\u0022 type=\u0022image\/webp\u0022 width=\u0022265\u0022 height=\u0022242\u0022\/\u003E\n                  \u003Csource srcset=\u0022\/sites\/default\/files\/styles\/teaser_standard__l\/public\/aurora\/2025\/09\/479974.gif.webp?itok=QpWbJNd3 1x\u0022 media=\u0022(min-width: 64.0625em)\u0022 type=\u0022image\/webp\u0022 width=\u0022167\u0022 height=\u0022152\u0022\/\u003E\n                  \u003Csource srcset=\u0022\/sites\/default\/files\/styles\/teaser_standard__m\/public\/aurora\/2025\/09\/479974.gif?itok=8QczPRnS 1x\u0022 media=\u0022(min-width: 48.0625em) and (max-width: 64em)\u0022 type=\u0022image\/gif\u0022 width=\u0022265\u0022 height=\u0022242\u0022\/\u003E\n                  \u003Csource srcset=\u0022\/sites\/default\/files\/styles\/teaser_standard__l\/public\/aurora\/2025\/09\/479974.gif?itok=qboueGLe 1x\u0022 media=\u0022(min-width: 64.0625em)\u0022 type=\u0022image\/gif\u0022 width=\u0022167\u0022 height=\u0022152\u0022\/\u003E\n                          \u003Cimg alt=\u0022Gelungene Kupferfassade\u00a0\u0022 loading=\u0022eager\u0022 data-caption-hide width=\u0022436\u0022 height=\u0022398\u0022 data-zoomed=\u0022https:\/\/www.baumetall.de\/sites\/default\/files\/styles\/content__zoomed\/public\/aurora\/2025\/09\/479974.gif?itok=C9dIBe5p\u0022 src=\u0022\/sites\/default\/files\/styles\/teaser_standard__s\/public\/aurora\/2025\/09\/479974.gif?itok=5WXQcIR-\u0022 title=\u0022\u00a9 Sima Bau GmH\u0022 \/\u003E\n\n    \u003C\/picture\u003E\n      \u003Cfigcaption class=\u0022image--figcaption\u0022\u003E\n          \u003Cdiv class=\u0022copyright\u0022\u003ESima Bau GmH\u003C\/div\u003E\n          \u003C\/figcaption\u003E\n\u003C\/figure\u003E\n\n\n    \u003C\/div\u003E\n    \u003Cdiv class=\u0022teaser-content\u0022\u003E\n                    \u003Cdiv class=\u0022teaser-content--kicker\u0022\u003E\n                    Fundst\u00fcck\n        \u003C\/div\u003E\n                                              \n                        \n        \u003Ch4 class=\u0022teaser-content--headline\u0022\u003E\n                                Haus am \n                              \u003Cspan class=\u0022headline-last-word-arrow\u0022\u003EGinkgo                      \u003C\/span\u003E\n        \u003C\/h4\u003E\n            \u003Cdiv class=\u0022teaser-content--publishing-date\u0022\u003E\u003Ctime datetime=\u00222025-09-21T15:24:56Z\u0022\u003E21.09.2025\u003C\/time\u003E\n\u003C\/div\u003E\u003Cspan class=\u0022teaser-content--publishing-date-divider\u0022\u003E - \u003C\/span\u003E\u003Cdiv class=\u0022teaser-content--body\u0022\u003E\u003Cp\u003EBAUMETALL hat die Baumpflanz-Challenge angenommen und einen Ginkgobaum auf dem Redaktionsbalkon gepflanzt. Passend zum Kurzvideo gibt es hier eine Flashback-Reportage aus dem Jahr 2008. Sehenswert!\u0026nbsp;\u003C\/p\u003E\n\u003C\/div\u003E\n                        \u003Cspan class=\u0022read-more-arrow-container\u0022\u003E\n            \u003Cspan class=\u0022read-more-angled-arrow\u0022\u003E \u003C\/span\u003E\n          \u003C\/span\u003E\n                  \u003C\/div\u003E\n    \u003C\/a\u003E\n\u003Ca href=\u0022\/baumetall-extra\/herstellung-von-sandguss-blei-bleieindeckung-der-kathedrale-notre-dame-de-paris\u0022  class=\u0022teaser teaser--standard\u0022 aria-label=\u0022\nBleieindeckung an der Kathedrale Notre-Dame de Paris\u00a0\u0022\u003E\n      \u003Cdiv class=\u0022teaser-content--image\u0022\u003E\n        \u003Cfigure class=\u0022image--figure\u0022\u003E\n        \u003Cpicture\u003E\n                        \u003Csource srcset=\u0022\/sites\/default\/files\/styles\/teaser_standard__m\/public\/aurora\/2025\/07\/466503.jpeg.webp?itok=kdsqpb_Q 1x\u0022 media=\u0022(min-width: 48.0625em) and (max-width: 64em)\u0022 type=\u0022image\/webp\u0022 width=\u0022251\u0022 height=\u0022242\u0022\/\u003E\n                  \u003Csource srcset=\u0022\/sites\/default\/files\/styles\/teaser_standard__l\/public\/aurora\/2025\/07\/466503.jpeg.webp?itok=7k1XB1Gt 1x\u0022 media=\u0022(min-width: 64.0625em)\u0022 type=\u0022image\/webp\u0022 width=\u0022158\u0022 height=\u0022152\u0022\/\u003E\n                  \u003Csource srcset=\u0022\/sites\/default\/files\/styles\/teaser_standard__m\/public\/aurora\/2025\/07\/466503.jpeg?itok=FT9p3Pkq 1x\u0022 media=\u0022(min-width: 48.0625em) and (max-width: 64em)\u0022 type=\u0022image\/jpeg\u0022 width=\u0022251\u0022 height=\u0022242\u0022\/\u003E\n                  \u003Csource srcset=\u0022\/sites\/default\/files\/styles\/teaser_standard__l\/public\/aurora\/2025\/07\/466503.jpeg?itok=HEvAYwjf 1x\u0022 media=\u0022(min-width: 64.0625em)\u0022 type=\u0022image\/jpeg\u0022 width=\u0022158\u0022 height=\u0022152\u0022\/\u003E\n                          \u003Cimg loading=\u0022eager\u0022 data-caption-hide width=\u0022413\u0022 height=\u0022398\u0022 data-zoomed=\u0022https:\/\/www.baumetall.de\/sites\/default\/files\/styles\/content__zoomed\/public\/aurora\/2025\/07\/466503.jpeg?itok=BfwSAcyx\u0022 src=\u0022\/sites\/default\/files\/styles\/teaser_standard__s\/public\/aurora\/2025\/07\/466503.jpeg?itok=U0KRGZhU\u0022 title=\u0022Ein graues Metalldach mit vertikalen N\u00e4hten und einem kleinen, dekorativen dreieckigen Fenster unten links. - \u00a9 Groupe Balas\u0022 \/\u003E\n\n    \u003C\/picture\u003E\n      \u003Cfigcaption class=\u0022image--figcaption\u0022\u003E\n          \u003Cdiv class=\u0022copyright\u0022\u003EGroupe Balas\u003C\/div\u003E\n          \u003C\/figcaption\u003E\n\u003C\/figure\u003E\n\n\n    \u003C\/div\u003E\n    \u003Cdiv class=\u0022teaser-content\u0022\u003E\n                    \u003Cdiv class=\u0022teaser-content--kicker\u0022\u003E\n                    Herstellung von Sandguss-Blei\u0026nbsp;\n        \u003C\/div\u003E\n                                              \n                        \n        \u003Ch4 class=\u0022teaser-content--headline\u0022\u003E\n                                Bleieindeckung an der Kathedrale Notre-Dame de \n                              \u003Cspan class=\u0022headline-last-word-arrow\u0022\u003EParis\u00a0                      \u003C\/span\u003E\n        \u003C\/h4\u003E\n            \u003Cdiv class=\u0022teaser-content--publishing-date\u0022\u003E\u003Ctime datetime=\u00222025-07-29T08:42:57Z\u0022\u003E29.07.2025\u003C\/time\u003E\n\u003C\/div\u003E\u003Cspan class=\u0022teaser-content--publishing-date-divider\u0022\u003E - \u003C\/span\u003E\u003Cdiv class=\u0022teaser-content--body\u0022\u003E\u003Cp\u003ENach dem verheerenden Brand im Jahr 2019 stand fest: Das Bleidach der Kathedrale Notre-Dame de Paris muss vollst\u00e4ndig neu entstehen.\u0026nbsp;Ein Mammutprojekt, das nicht nur die Ingenieurskunst, sondern auch das traditionelle Handwerk Frankreichs herausfordert.\u0026nbsp;Spezialisierte Teams, darunter die Experten der Balas-Gruppe,\u0026nbsp;bringen ihr geballtes Fachwissen ein, um das historische Erbe\u003Cbr \/\u003E\ndetailgetreu wiederaufzubauen\u2026\u003C\/p\u003E\n\u003C\/div\u003E\n                        \u003Cspan class=\u0022read-more-arrow-container\u0022\u003E\n            \u003Cspan class=\u0022read-more-angled-arrow\u0022\u003E \u003C\/span\u003E\n          \u003C\/span\u003E\n                  \u003C\/div\u003E\n    \u003C\/a\u003E\n\u003Ca href=\u0022\/baumetall-extra\/metalldach-zum-verlieben-schoene-bunte-blechdachwelt\u0022  class=\u0022teaser teaser--standard\u0022 aria-label=\u0022Sch\u00f6ne bunte Blechdachwelt\u0022\u003E\n      \u003Cdiv class=\u0022teaser-content--image\u0022\u003E\n        \u003Cfigure class=\u0022image--figure\u0022\u003E\n        \u003Cpicture\u003E\n                        \u003Csource srcset=\u0022\/sites\/default\/files\/styles\/teaser_standard__m\/public\/aurora\/2025\/06\/453636.jpeg.webp?itok=6yfx7sTv 1x\u0022 media=\u0022(min-width: 48.0625em) and (max-width: 64em)\u0022 type=\u0022image\/webp\u0022 width=\u0022323\u0022 height=\u0022242\u0022\/\u003E\n                  \u003Csource srcset=\u0022\/sites\/default\/files\/styles\/teaser_standard__l\/public\/aurora\/2025\/06\/453636.jpeg.webp?itok=OAyG3A9v 1x\u0022 media=\u0022(min-width: 64.0625em)\u0022 type=\u0022image\/webp\u0022 width=\u0022203\u0022 height=\u0022152\u0022\/\u003E\n                  \u003Csource srcset=\u0022\/sites\/default\/files\/styles\/teaser_standard__m\/public\/aurora\/2025\/06\/453636.jpeg?itok=OBVPsxzh 1x\u0022 media=\u0022(min-width: 48.0625em) and (max-width: 64em)\u0022 type=\u0022image\/jpeg\u0022 width=\u0022323\u0022 height=\u0022242\u0022\/\u003E\n                  \u003Csource srcset=\u0022\/sites\/default\/files\/styles\/teaser_standard__l\/public\/aurora\/2025\/06\/453636.jpeg?itok=deByl7Ej 1x\u0022 media=\u0022(min-width: 64.0625em)\u0022 type=\u0022image\/jpeg\u0022 width=\u0022203\u0022 height=\u0022152\u0022\/\u003E\n                          \u003Cimg alt=\u0022Kostenfreier (K)Blick in BAUMETALL- Ausgabe 3\/2025\u0022 loading=\u0022eager\u0022 data-caption-hide width=\u0022531\u0022 height=\u0022398\u0022 data-zoomed=\u0022https:\/\/www.baumetall.de\/sites\/default\/files\/styles\/content__zoomed\/public\/aurora\/2025\/06\/453636.jpeg?itok=aErQkOlY\u0022 src=\u0022\/sites\/default\/files\/styles\/teaser_standard__s\/public\/aurora\/2025\/06\/453636.jpeg?itok=Vb4BOIQZ\u0022 title=\u0022\u00a9 BAUMETALL\u0022 \/\u003E\n\n    \u003C\/picture\u003E\n      \u003Cfigcaption class=\u0022image--figcaption\u0022\u003E\n          \u003Cdiv class=\u0022copyright\u0022\u003EBAUMETALL\u003C\/div\u003E\n          \u003C\/figcaption\u003E\n\u003C\/figure\u003E\n\n\n    \u003C\/div\u003E\n    \u003Cdiv class=\u0022teaser-content\u0022\u003E\n                    \u003Cdiv class=\u0022teaser-content--kicker\u0022\u003E\n                    Metalldach zum verlieben\n        \u003C\/div\u003E\n                                              \n                        \n        \u003Ch4 class=\u0022teaser-content--headline\u0022\u003E\n                                Sch\u00f6ne bunte \n                              \u003Cspan class=\u0022headline-last-word-arrow\u0022\u003EBlechdachwelt                      \u003C\/span\u003E\n        \u003C\/h4\u003E\n            \u003Cdiv class=\u0022teaser-content--publishing-date\u0022\u003E\u003Ctime datetime=\u00222025-06-03T17:10:48Z\u0022\u003E03.06.2025\u003C\/time\u003E\n\u003C\/div\u003E\u003Cspan class=\u0022teaser-content--publishing-date-divider\u0022\u003E - \u003C\/span\u003E\u003Cdiv class=\u0022teaser-content--body\u0022\u003E\u003Cp\u003ENat\u00fcrlich: Sie wissen es. Ein Haus mit Metalldach sieht klasse aus! Doch wissen das auch Ihre Planer? Und wie steht es um Ihre Kunden und deren Kinder? In regelm\u00e4\u00dfigen Abst\u00e4nden thematisiert BAUMETALL wie wichtig es ist, genau dar\u00fcber zu sprechen. Die M\u00f6glichkeiten es zu tun sind \u00fcberaus unterschiedlich, aber lesen Sie selbst...\u0026nbsp;\u003C\/p\u003E\n\u003C\/div\u003E\n                        \u003Cspan class=\u0022read-more-arrow-container\u0022\u003E\n            \u003Cspan class=\u0022read-more-angled-arrow\u0022\u003E \u003C\/span\u003E\n          \u003C\/span\u003E\n                  \u003C\/div\u003E\n    \u003C\/a\u003E\n\u003Ca href=\u0022\/baumetall-extra\/auf-zeitreise-40-jahre-baumetall\u0022  class=\u0022teaser teaser--standard\u0022 aria-label=\u002240 Jahre BAUMETALL\u0022\u003E\n      \u003Cdiv class=\u0022teaser-content--image\u0022\u003E\n        \u003Cfigure class=\u0022image--figure\u0022\u003E\n        \u003Cpicture\u003E\n                        \u003Csource srcset=\u0022\/sites\/default\/files\/styles\/teaser_standard__m\/public\/aurora\/2025\/05\/446365.jpeg.webp?itok=vnbUWzvw 1x\u0022 media=\u0022(min-width: 48.0625em) and (max-width: 64em)\u0022 type=\u0022image\/webp\u0022 width=\u0022323\u0022 height=\u0022203\u0022\/\u003E\n                  \u003Csource srcset=\u0022\/sites\/default\/files\/styles\/teaser_standard__l\/public\/aurora\/2025\/05\/446365.jpeg.webp?itok=Vskmpr7s 1x\u0022 media=\u0022(min-width: 64.0625em)\u0022 type=\u0022image\/webp\u0022 width=\u0022203\u0022 height=\u0022127\u0022\/\u003E\n                  \u003Csource srcset=\u0022\/sites\/default\/files\/styles\/teaser_standard__m\/public\/aurora\/2025\/05\/446365.jpeg?itok=7o-N_jnV 1x\u0022 media=\u0022(min-width: 48.0625em) and (max-width: 64em)\u0022 type=\u0022image\/jpeg\u0022 width=\u0022323\u0022 height=\u0022203\u0022\/\u003E\n                  \u003Csource srcset=\u0022\/sites\/default\/files\/styles\/teaser_standard__l\/public\/aurora\/2025\/05\/446365.jpeg?itok=9l3Qc7b5 1x\u0022 media=\u0022(min-width: 64.0625em)\u0022 type=\u0022image\/jpeg\u0022 width=\u0022203\u0022 height=\u0022127\u0022\/\u003E\n                          \u003Cimg loading=\u0022eager\u0022 data-caption-hide width=\u0022634\u0022 height=\u0022398\u0022 alt=\u0022BAUMETALL-Zeitmaschine\u00a0\u0022 data-zoomed=\u0022https:\/\/www.baumetall.de\/sites\/default\/files\/styles\/content__zoomed\/public\/aurora\/2025\/05\/446365.jpeg?itok=4KmSCFfY\u0022 src=\u0022\/sites\/default\/files\/styles\/teaser_standard__s\/public\/aurora\/2025\/05\/446365.jpeg?itok=91gD-jOj\u0022 title=\u0022\u00a9 BAUMETALL \/ Photoshop AI\u0022 \/\u003E\n\n    \u003C\/picture\u003E\n      \u003Cfigcaption class=\u0022image--figcaption\u0022\u003E\n          \u003Cdiv class=\u0022copyright\u0022\u003EBAUMETALL \/ Photoshop AI\u003C\/div\u003E\n          \u003C\/figcaption\u003E\n\u003C\/figure\u003E\n\n\n    \u003C\/div\u003E\n    \u003Cdiv class=\u0022teaser-content\u0022\u003E\n                    \u003Cdiv class=\u0022teaser-content--kicker\u0022\u003E\n                    Auf Zeitreise\n        \u003C\/div\u003E\n                                              \n                        \n        \u003Ch4 class=\u0022teaser-content--headline\u0022\u003E\n                                40 Jahre \n                              \u003Cspan class=\u0022headline-last-word-arrow\u0022\u003EBAUMETALL                      \u003C\/span\u003E\n        \u003C\/h4\u003E\n            \u003Cdiv class=\u0022teaser-content--publishing-date\u0022\u003E\u003Ctime datetime=\u00222025-05-12T14:52:07Z\u0022\u003E12.05.2025\u003C\/time\u003E\n\u003C\/div\u003E\u003Cspan class=\u0022teaser-content--publishing-date-divider\u0022\u003E - \u003C\/span\u003E\u003Cdiv class=\u0022teaser-content--body\u0022\u003E\u003Cp\u003EBAUMETALL-Chefredakteur Andreas Buck startet die Zeitmaschine und begibt sich auf eine spannende Reise in die Vergangenheit und in die Zukunft des Dachhandwerks.\u003C\/p\u003E\n\u003C\/div\u003E\n                        \u003Cspan class=\u0022read-more-arrow-container\u0022\u003E\n            \u003Cspan class=\u0022read-more-angled-arrow\u0022\u003E \u003C\/span\u003E\n          \u003C\/span\u003E\n                  \u003C\/div\u003E\n    \u003C\/a\u003E\n\u003Ca href=\u0022\/baumetall-extra\/exklusive-vorveroeffentlichung-fuer-abonnenten-kreative-freiheit\u0022  class=\u0022teaser teaser--standard\u0022 aria-label=\u0022Kreative Freiheit\u0022\u003E\n      \u003Cdiv class=\u0022teaser-content--image\u0022\u003E\n        \u003Cfigure class=\u0022image--figure\u0022\u003E\n        \u003Cpicture\u003E\n                        \u003Csource srcset=\u0022\/sites\/default\/files\/styles\/teaser_standard__m\/public\/aurora\/2025\/04\/437120.jpeg.webp?itok=C0g0ro0h 1x\u0022 media=\u0022(min-width: 48.0625em) and (max-width: 64em)\u0022 type=\u0022image\/webp\u0022 width=\u0022142\u0022 height=\u0022242\u0022\/\u003E\n                  \u003Csource srcset=\u0022\/sites\/default\/files\/styles\/teaser_standard__l\/public\/aurora\/2025\/04\/437120.jpeg.webp?itok=-9KSHf__ 1x\u0022 media=\u0022(min-width: 64.0625em)\u0022 type=\u0022image\/webp\u0022 width=\u002289\u0022 height=\u0022152\u0022\/\u003E\n                  \u003Csource srcset=\u0022\/sites\/default\/files\/styles\/teaser_standard__m\/public\/aurora\/2025\/04\/437120.jpeg?itok=gq5C7tbt 1x\u0022 media=\u0022(min-width: 48.0625em) and (max-width: 64em)\u0022 type=\u0022image\/jpeg\u0022 width=\u0022142\u0022 height=\u0022242\u0022\/\u003E\n                  \u003Csource srcset=\u0022\/sites\/default\/files\/styles\/teaser_standard__l\/public\/aurora\/2025\/04\/437120.jpeg?itok=j2K3IfQR 1x\u0022 media=\u0022(min-width: 64.0625em)\u0022 type=\u0022image\/jpeg\u0022 width=\u002289\u0022 height=\u0022152\u0022\/\u003E\n                          \u003Cimg loading=\u0022eager\u0022 data-caption-hide width=\u0022234\u0022 height=\u0022398\u0022 data-zoomed=\u0022https:\/\/www.baumetall.de\/sites\/default\/files\/styles\/content__zoomed\/public\/aurora\/2025\/04\/437120.jpeg?itok=cuIa-Yox\u0022 src=\u0022\/sites\/default\/files\/styles\/teaser_standard__s\/public\/aurora\/2025\/04\/437120.jpeg?itok=RfD8T_Z5\u0022 title=\u0022\u201eDetailaufnahme eines modernen Geb\u00e4udes mit innovativer Metallfassade, die aktuelle Architekturtrends in der Verwendung von Metallen hervorhebt, um Fachwerkern aus Spengler-, Klempner- und Dachdeckerbetrieben inspirierende L\u00f6sungen f\u00fcr urbanes Design zu bieten. - \u00a9 Miguel - stock.adobe.com \/ Picard\u0022 \/\u003E\n\n    \u003C\/picture\u003E\n      \u003Cfigcaption class=\u0022image--figcaption\u0022\u003E\n          \u003Cdiv class=\u0022copyright\u0022\u003EMiguel - stock.adobe.com \/ Picard\u003C\/div\u003E\n          \u003C\/figcaption\u003E\n\u003C\/figure\u003E\n\n\n    \u003C\/div\u003E\n    \u003Cdiv class=\u0022teaser-content\u0022\u003E\n                    \u003Cdiv class=\u0022teaser-content--kicker\u0022\u003E\n                    Exklusive Vorver\u00f6ffentlichung f\u00fcr Abonnenten!\n        \u003C\/div\u003E\n                                              \n                        \n        \u003Ch4 class=\u0022teaser-content--headline\u0022\u003E\n                                Kreative \n                              \u003Cspan class=\u0022headline-last-word-arrow\u0022\u003EFreiheit              \u003Cspan\n                  class=\u0022permission-lock permission-lock-icon--\u0022\u003E\u003C\/span\u003E\n                                  \u003C\/span\u003E\n        \u003C\/h4\u003E\n            \u003Cdiv class=\u0022teaser-content--publishing-date\u0022\u003E\u003Ctime datetime=\u00222025-04-01T11:20:46Z\u0022\u003E01.04.2025\u003C\/time\u003E\n\u003C\/div\u003E\u003Cspan class=\u0022teaser-content--publishing-date-divider\u0022\u003E - \u003C\/span\u003E\u003Cdiv class=\u0022teaser-content--body\u0022\u003E\u003Cp\u003EGeorg Huberts Meisterst\u00fcck erinnert entfernt an die Statue of Liberty. Das ist vermutlich kein Zufall. \u00dcbrigens ebenso wenig wie die Tatsache, dass Sie diese Vorver\u00f6ffentlichung als BAUMETALL Abonnent exklusiv lesen d\u00fcrfen. Freuen Sie sich also auf einen spannenden Artikel und besonders auf die damit verkn\u00fcpfte Geschichte zu einem absoluten Ausnahme-Meisterst\u00fcck\u2026\u003C\/p\u003E\n\u003C\/div\u003E\n                        \u003Cspan class=\u0022read-more-arrow-container\u0022\u003E\n            \u003Cspan class=\u0022read-more-angled-arrow\u0022\u003E \u003C\/span\u003E\n          \u003C\/span\u003E\n                  \u003C\/div\u003E\n    \u003C\/a\u003E\n\u003Ca href=\u0022\/baumetall-extra\/baumetall-extra-el-zinc-bekleidetes-logistiklager-ausgezeichnet\u0022  class=\u0022teaser teaser--standard\u0022 aria-label=\u0022El-Zinc-bekleidetes Logistiklager ausgezeichnet\u0022\u003E\n      \u003Cdiv class=\u0022teaser-content--image\u0022\u003E\n        \u003Cfigure class=\u0022image--figure\u0022\u003E\n        \u003Cpicture\u003E\n                        \u003Csource srcset=\u0022\/sites\/default\/files\/styles\/teaser_standard__m\/public\/aurora\/2025\/03\/435080.jpeg.webp?itok=33q-YCP6 1x\u0022 media=\u0022(min-width: 48.0625em) and (max-width: 64em)\u0022 type=\u0022image\/webp\u0022 width=\u0022323\u0022 height=\u0022207\u0022\/\u003E\n                  \u003Csource srcset=\u0022\/sites\/default\/files\/styles\/teaser_standard__l\/public\/aurora\/2025\/03\/435080.jpeg.webp?itok=cbHd9DZ9 1x\u0022 media=\u0022(min-width: 64.0625em)\u0022 type=\u0022image\/webp\u0022 width=\u0022203\u0022 height=\u0022130\u0022\/\u003E\n                  \u003Csource srcset=\u0022\/sites\/default\/files\/styles\/teaser_standard__m\/public\/aurora\/2025\/03\/435080.jpeg?itok=eAmJWeXh 1x\u0022 media=\u0022(min-width: 48.0625em) and (max-width: 64em)\u0022 type=\u0022image\/jpeg\u0022 width=\u0022323\u0022 height=\u0022207\u0022\/\u003E\n                  \u003Csource srcset=\u0022\/sites\/default\/files\/styles\/teaser_standard__l\/public\/aurora\/2025\/03\/435080.jpeg?itok=3XPizFjg 1x\u0022 media=\u0022(min-width: 64.0625em)\u0022 type=\u0022image\/jpeg\u0022 width=\u0022203\u0022 height=\u0022130\u0022\/\u003E\n                          \u003Cimg loading=\u0022eager\u0022 data-caption-hide width=\u0022622\u0022 height=\u0022398\u0022 data-zoomed=\u0022https:\/\/www.baumetall.de\/sites\/default\/files\/styles\/content__zoomed\/public\/aurora\/2025\/03\/435080.jpeg?itok=dXM6K8O7\u0022 src=\u0022\/sites\/default\/files\/styles\/teaser_standard__s\/public\/aurora\/2025\/03\/435080.jpeg?itok=2-H47ks3\u0022 title=\u0022\u201eComputerbildschirm zeigt eine Webseite mit aktuellen Architekturtrends, im Vordergrund Tastatur und Maus f\u00fcr Fachbetriebe der Spengler-, Klempner- und Dachdeckerbranche.\u201c. - \u00a9 System Arquitectura \/  https:\/\/elzinc.es\/de\/\u0022 \/\u003E\n\n    \u003C\/picture\u003E\n      \u003Cfigcaption class=\u0022image--figcaption\u0022\u003E\n          \u003Cdiv class=\u0022copyright\u0022\u003ESystem Arquitectura \/  https:\/\/elzinc.es\/de\/\u003C\/div\u003E\n          \u003C\/figcaption\u003E\n\u003C\/figure\u003E\n\n\n    \u003C\/div\u003E\n    \u003Cdiv class=\u0022teaser-content\u0022\u003E\n                    \u003Cdiv class=\u0022teaser-content--kicker\u0022\u003E\n                    BAUMETALL-Extra\n        \u003C\/div\u003E\n                                              \n                        \n        \u003Ch4 class=\u0022teaser-content--headline\u0022\u003E\n                                El-Zinc-bekleidetes Logistiklager \n                              \u003Cspan class=\u0022headline-last-word-arrow\u0022\u003Eausgezeichnet                      \u003C\/span\u003E\n        \u003C\/h4\u003E\n            \u003Cdiv class=\u0022teaser-content--publishing-date\u0022\u003E\u003Ctime datetime=\u00222025-03-26T13:11:52Z\u0022\u003E26.03.2025\u003C\/time\u003E\n\u003C\/div\u003E\u003Cspan class=\u0022teaser-content--publishing-date-divider\u0022\u003E - \u003C\/span\u003E\u003Cdiv class=\u0022teaser-content--body\u0022\u003E\u003Cp\u003EIn diesem Online-Extra zu BAUMETALL-Ausgabe 02\/24 erfahren Sie in einem\u0026nbsp; Seitenblickbericht mehr \u00fcber das ausgezeichnete Logistiklager von Mayoral in M\u00e1laga\u003C\/p\u003E\n\u003C\/div\u003E\n                        \u003Cspan class=\u0022read-more-arrow-container\u0022\u003E\n            \u003Cspan class=\u0022read-more-angled-arrow\u0022\u003E \u003C\/span\u003E\n          \u003C\/span\u003E\n                  \u003C\/div\u003E\n    \u003C\/a\u003E\n\u003Ca href=\u0022\/baumetall-extra\/baumetall-extra-baris-esebali-verstorben\u0022  class=\u0022teaser teaser--standard\u0022 aria-label=\u0022Baris Esebali verstorben\u0022\u003E\n      \u003Cdiv class=\u0022teaser-content--image\u0022\u003E\n        \u003Cfigure class=\u0022image--figure\u0022\u003E\n        \u003Cpicture\u003E\n                        \u003Csource srcset=\u0022\/sites\/default\/files\/styles\/teaser_standard__m\/public\/aurora\/2025\/03\/434372.jpeg.webp?itok=N7xgUeKc 1x\u0022 media=\u0022(min-width: 48.0625em) and (max-width: 64em)\u0022 type=\u0022image\/webp\u0022 width=\u0022161\u0022 height=\u0022242\u0022\/\u003E\n                  \u003Csource srcset=\u0022\/sites\/default\/files\/styles\/teaser_standard__l\/public\/aurora\/2025\/03\/434372.jpeg.webp?itok=w17cjaxo 1x\u0022 media=\u0022(min-width: 64.0625em)\u0022 type=\u0022image\/webp\u0022 width=\u0022101\u0022 height=\u0022152\u0022\/\u003E\n                  \u003Csource srcset=\u0022\/sites\/default\/files\/styles\/teaser_standard__m\/public\/aurora\/2025\/03\/434372.jpeg?itok=IavtZTga 1x\u0022 media=\u0022(min-width: 48.0625em) and (max-width: 64em)\u0022 type=\u0022image\/jpeg\u0022 width=\u0022161\u0022 height=\u0022242\u0022\/\u003E\n                  \u003Csource srcset=\u0022\/sites\/default\/files\/styles\/teaser_standard__l\/public\/aurora\/2025\/03\/434372.jpeg?itok=y7EopVc9 1x\u0022 media=\u0022(min-width: 64.0625em)\u0022 type=\u0022image\/jpeg\u0022 width=\u0022101\u0022 height=\u0022152\u0022\/\u003E\n                          \u003Cimg loading=\u0022eager\u0022 data-caption-hide width=\u0022265\u0022 height=\u0022398\u0022 data-zoomed=\u0022https:\/\/www.baumetall.de\/sites\/default\/files\/styles\/content__zoomed\/public\/aurora\/2025\/03\/434372.jpeg?itok=vv3_Jjdx\u0022 src=\u0022\/sites\/default\/files\/styles\/teaser_standard__s\/public\/aurora\/2025\/03\/434372.jpeg?itok=CmjiGcAs\u0022 title=\u0022Sicher, hier ist ein optimierter Alt-Text f\u00fcr das beschriebene Bild: \u201eFacharbeiter im wei\u00dfen Shirt mit Firmenlogo l\u00e4chelt, zeigt Vertrauen und Expertise in der modernen Metallverarbeitungstechnik.\u201c Dieser Alt-Text spiegelt die Professionalit\u00e4t und das Fachwissen wider, die von der Zielgruppe in der Geb\u00e4udetechnikbranche gesch\u00e4tzt werden. - \u00a9 VM Building Solutions\u0022 \/\u003E\n\n    \u003C\/picture\u003E\n      \u003Cfigcaption class=\u0022image--figcaption\u0022\u003E\n          \u003Cdiv class=\u0022copyright\u0022\u003EVM Building Solutions\u003C\/div\u003E\n          \u003C\/figcaption\u003E\n\u003C\/figure\u003E\n\n\n    \u003C\/div\u003E\n    \u003Cdiv class=\u0022teaser-content\u0022\u003E\n                    \u003Cdiv class=\u0022teaser-content--kicker\u0022\u003E\n                    BAUMETALL-Extra\n        \u003C\/div\u003E\n                                              \n                        \n        \u003Ch4 class=\u0022teaser-content--headline\u0022\u003E\n                                Baris Esebali \n                              \u003Cspan class=\u0022headline-last-word-arrow\u0022\u003Everstorben                      \u003C\/span\u003E\n        \u003C\/h4\u003E\n            \u003Cdiv class=\u0022teaser-content--publishing-date\u0022\u003E\u003Ctime datetime=\u00222025-03-24T14:07:30Z\u0022\u003E24.03.2025\u003C\/time\u003E\n\u003C\/div\u003E\u003Cspan class=\u0022teaser-content--publishing-date-divider\u0022\u003E - \u003C\/span\u003E\u003Cdiv class=\u0022teaser-content--body\u0022\u003E\u003Cp\u003EMit tiefem Bedauern informiert das Team der VM Building Solutions Deutschland GmbH, dass Baris Esebali Anfang Februar 2025 pl\u00f6tzlich und unerwartet verstorben ist. Der 42-j\u00e4hrige Esebali arbeitete seit 2012 als Au\u00dfendienstmitarbeiter bei VM Building Solutions \u2013 zun\u00e4chst international sp\u00e4ter in S\u00fcddeutschland\u003C\/p\u003E\n\u003C\/div\u003E\n                        \u003Cspan class=\u0022read-more-arrow-container\u0022\u003E\n            \u003Cspan class=\u0022read-more-angled-arrow\u0022\u003E \u003C\/span\u003E\n          \u003C\/span\u003E\n                  \u003C\/div\u003E\n    \u003C\/a\u003E\n\u003Ca href=\u0022\/baumetall-extra\/seitenblick-gruendach-des-jahres-2024\u0022  class=\u0022teaser teaser--standard\u0022 aria-label=\u0022Gr\u00fcndach des Jahres 2024\u0022\u003E\n      \u003Cdiv class=\u0022teaser-content--image\u0022\u003E\n        \u003Cfigure class=\u0022image--figure\u0022\u003E\n        \u003Cpicture\u003E\n                        \u003Csource srcset=\u0022\/sites\/default\/files\/styles\/teaser_standard__m\/public\/aurora\/2025\/03\/433726.jpeg.webp?itok=Ie1s7D5e 1x\u0022 media=\u0022(min-width: 48.0625em) and (max-width: 64em)\u0022 type=\u0022image\/webp\u0022 width=\u0022323\u0022 height=\u0022215\u0022\/\u003E\n                  \u003Csource srcset=\u0022\/sites\/default\/files\/styles\/teaser_standard__l\/public\/aurora\/2025\/03\/433726.jpeg.webp?itok=uRNEggUR 1x\u0022 media=\u0022(min-width: 64.0625em)\u0022 type=\u0022image\/webp\u0022 width=\u0022203\u0022 height=\u0022135\u0022\/\u003E\n                  \u003Csource srcset=\u0022\/sites\/default\/files\/styles\/teaser_standard__m\/public\/aurora\/2025\/03\/433726.jpeg?itok=A5mjA_2H 1x\u0022 media=\u0022(min-width: 48.0625em) and (max-width: 64em)\u0022 type=\u0022image\/jpeg\u0022 width=\u0022323\u0022 height=\u0022215\u0022\/\u003E\n                  \u003Csource srcset=\u0022\/sites\/default\/files\/styles\/teaser_standard__l\/public\/aurora\/2025\/03\/433726.jpeg?itok=-lqXfTlj 1x\u0022 media=\u0022(min-width: 64.0625em)\u0022 type=\u0022image\/jpeg\u0022 width=\u0022203\u0022 height=\u0022135\u0022\/\u003E\n                          \u003Cimg alt=\u0022\u00a0Gewinner 2024 in der Kategorie \u201eBuGG-Gr\u00fcndach des Jahres\u201c: Der begr\u00fcnte Hochbunker in Hamburg\u0022 loading=\u0022eager\u0022 data-caption-hide width=\u0022597\u0022 height=\u0022398\u0022 data-zoomed=\u0022https:\/\/www.baumetall.de\/sites\/default\/files\/styles\/content__zoomed\/public\/aurora\/2025\/03\/433726.jpeg?itok=TUwAF99n\u0022 src=\u0022\/sites\/default\/files\/styles\/teaser_standard__s\/public\/aurora\/2025\/03\/433726.jpeg?itok=SyGFAJ1N\u0022 title=\u0022\u00a9 BuGG\u0022 \/\u003E\n\n    \u003C\/picture\u003E\n      \u003Cfigcaption class=\u0022image--figcaption\u0022\u003E\n          \u003Cdiv class=\u0022copyright\u0022\u003EBuGG\u003C\/div\u003E\n          \u003C\/figcaption\u003E\n\u003C\/figure\u003E\n\n\n    \u003C\/div\u003E\n    \u003Cdiv class=\u0022teaser-content\u0022\u003E\n                    \u003Cdiv class=\u0022teaser-content--kicker\u0022\u003E\n                    Seitenblick\n        \u003C\/div\u003E\n                                              \n                        \n        \u003Ch4 class=\u0022teaser-content--headline\u0022\u003E\n                                Gr\u00fcndach des Jahres \n                              \u003Cspan class=\u0022headline-last-word-arrow\u0022\u003E2024                      \u003C\/span\u003E\n        \u003C\/h4\u003E\n            \u003Cdiv class=\u0022teaser-content--publishing-date\u0022\u003E\u003Ctime datetime=\u00222025-03-20T13:04:44Z\u0022\u003E20.03.2025\u003C\/time\u003E\n\u003C\/div\u003E\u003Cspan class=\u0022teaser-content--publishing-date-divider\u0022\u003E - \u003C\/span\u003E\u003Cdiv class=\u0022teaser-content--body\u0022\u003E\u003Cp\u003EAus Grau mach Gr\u00fcn: Was aus einem denkmalgesch\u00fctzten Betonkoloss werden kann, zeigt sich am Beispiel des fr\u00fcheren Flakbunkers im Herzen Hamburgs. In 58 Meter H\u00f6he befindet sich nun ein kostenlos zug\u00e4nglicher Stadtgarten. Dieser Besuchermagnet wurde im Rahmen einer \u00f6ffentlichen Abstimmung von den Teilnehmenden zum \u201eBuGG-Gr\u00fcndach des Jahres 2024\u201c gew\u00e4hlt und vom Bundesverbands Geb\u00e4udeGr\u00fcn e.V. (BuGG) ausgezeichnet\u003C\/p\u003E\n\u003C\/div\u003E\n                        \u003Cspan class=\u0022read-more-arrow-container\u0022\u003E\n            \u003Cspan class=\u0022read-more-angled-arrow\u0022\u003E \u003C\/span\u003E\n          \u003C\/span\u003E\n                  \u003C\/div\u003E\n    \u003C\/a\u003E\n\u003Ca href=\u0022\/baumetall-extra\/online-extra-hochfester-stahl-als-spielmacher-fuer-real-madrid\u0022  class=\u0022teaser teaser--standard\u0022 aria-label=\u0022Hochfester Stahl als Spielmacher f\u00fcr Real Madrid\u0022\u003E\n      \u003Cdiv class=\u0022teaser-content--image\u0022\u003E\n        \u003Cfigure class=\u0022image--figure\u0022\u003E\n        \u003Cpicture\u003E\n                        \u003Csource srcset=\u0022\/sites\/default\/files\/styles\/teaser_standard__m\/public\/aurora\/2025\/02\/422201.jpeg.webp?itok=McjmDhC7 1x\u0022 media=\u0022(min-width: 48.0625em) and (max-width: 64em)\u0022 type=\u0022image\/webp\u0022 width=\u0022323\u0022 height=\u0022182\u0022\/\u003E\n                  \u003Csource srcset=\u0022\/sites\/default\/files\/styles\/teaser_standard__l\/public\/aurora\/2025\/02\/422201.jpeg.webp?itok=7QsHsKLu 1x\u0022 media=\u0022(min-width: 64.0625em)\u0022 type=\u0022image\/webp\u0022 width=\u0022203\u0022 height=\u0022114\u0022\/\u003E\n                  \u003Csource srcset=\u0022\/sites\/default\/files\/styles\/teaser_standard__m\/public\/aurora\/2025\/02\/422201.jpeg?itok=p7AEFFyr 1x\u0022 media=\u0022(min-width: 48.0625em) and (max-width: 64em)\u0022 type=\u0022image\/jpeg\u0022 width=\u0022323\u0022 height=\u0022182\u0022\/\u003E\n                  \u003Csource srcset=\u0022\/sites\/default\/files\/styles\/teaser_standard__l\/public\/aurora\/2025\/02\/422201.jpeg?itok=yWN-32H5 1x\u0022 media=\u0022(min-width: 64.0625em)\u0022 type=\u0022image\/jpeg\u0022 width=\u0022203\u0022 height=\u0022114\u0022\/\u003E\n                          \u003Cimg alt=\u0022Das Estadio Santiago Bernab\u00e9u von Real Madrid ist Mythos und Magnet zugleich\u0022 loading=\u0022eager\u0022 data-caption-hide width=\u0022708\u0022 height=\u0022398\u0022 data-zoomed=\u0022https:\/\/www.baumetall.de\/sites\/default\/files\/styles\/content__zoomed\/public\/aurora\/2025\/02\/422201.jpeg?itok=1d86NdR-\u0022 src=\u0022\/sites\/default\/files\/styles\/teaser_standard__s\/public\/aurora\/2025\/02\/422201.jpeg?itok=SCd7QnvT\u0022 title=\u0022\u00a9 Bild: Real Madrid\u0022 \/\u003E\n\n    \u003C\/picture\u003E\n      \u003Cfigcaption class=\u0022image--figcaption\u0022\u003E\n          \u003Cdiv class=\u0022copyright\u0022\u003EBild: Real Madrid\u003C\/div\u003E\n          \u003C\/figcaption\u003E\n\u003C\/figure\u003E\n\n\n    \u003C\/div\u003E\n    \u003Cdiv class=\u0022teaser-content\u0022\u003E\n                    \u003Cdiv class=\u0022teaser-content--kicker\u0022\u003E\n                    Online-Extra\n        \u003C\/div\u003E\n                                              \n                        \n        \u003Ch4 class=\u0022teaser-content--headline\u0022\u003E\n                                Hochfester Stahl als Spielmacher f\u00fcr Real \n                              \u003Cspan class=\u0022headline-last-word-arrow\u0022\u003EMadrid                      \u003C\/span\u003E\n        \u003C\/h4\u003E\n            \u003Cdiv class=\u0022teaser-content--publishing-date\u0022\u003E\u003Ctime datetime=\u00222025-02-06T14:36:26Z\u0022\u003E06.02.2025\u003C\/time\u003E\n\u003C\/div\u003E\u003Cspan class=\u0022teaser-content--publishing-date-divider\u0022\u003E - \u003C\/span\u003E\u003Cdiv class=\u0022teaser-content--body\u0022\u003E\u003Cp\u003EIn diesem Online-Extra zu BAUMETALL-Ausgabe 01\/24 erfahren Sie in einem spannenden Seitenblickbericht mehr zum\u0026nbsp;Einsatz von Hochfestem Stahl f\u00fcr das Stadion von Real Madrid\u003C\/p\u003E\n\u003C\/div\u003E\n                        \u003Cspan class=\u0022read-more-arrow-container\u0022\u003E\n            \u003Cspan class=\u0022read-more-angled-arrow\u0022\u003E \u003C\/span\u003E\n          \u003C\/span\u003E\n                  \u003C\/div\u003E\n    \u003C\/a\u003E\n\u003Ca href=\u0022\/baumetall-extra\/baumetall-extra-baumetall-treff-bei-draeco-tools\u0022  class=\u0022teaser teaser--standard\u0022 aria-label=\u0022BAUMETALL-Treff bei Dr\u00e4co Tools\u0022\u003E\n      \u003Cdiv class=\u0022teaser-content--image\u0022\u003E\n        \u003Cfigure class=\u0022image--figure\u0022\u003E\n        \u003Cpicture\u003E\n                        \u003Csource srcset=\u0022\/sites\/default\/files\/styles\/teaser_standard__m\/public\/aurora\/2024\/12\/413656.jpeg.webp?itok=wturXoFb 1x\u0022 media=\u0022(min-width: 48.0625em) and (max-width: 64em)\u0022 type=\u0022image\/webp\u0022 width=\u0022323\u0022 height=\u0022215\u0022\/\u003E\n                  \u003Csource srcset=\u0022\/sites\/default\/files\/styles\/teaser_standard__l\/public\/aurora\/2024\/12\/413656.jpeg.webp?itok=EXiCkUv8 1x\u0022 media=\u0022(min-width: 64.0625em)\u0022 type=\u0022image\/webp\u0022 width=\u0022203\u0022 height=\u0022135\u0022\/\u003E\n                  \u003Csource srcset=\u0022\/sites\/default\/files\/styles\/teaser_standard__m\/public\/aurora\/2024\/12\/413656.jpeg?itok=1ux7E4pZ 1x\u0022 media=\u0022(min-width: 48.0625em) and (max-width: 64em)\u0022 type=\u0022image\/jpeg\u0022 width=\u0022323\u0022 height=\u0022215\u0022\/\u003E\n                  \u003Csource srcset=\u0022\/sites\/default\/files\/styles\/teaser_standard__l\/public\/aurora\/2024\/12\/413656.jpeg?itok=BMyGOjCq 1x\u0022 media=\u0022(min-width: 64.0625em)\u0022 type=\u0022image\/jpeg\u0022 width=\u0022203\u0022 height=\u0022135\u0022\/\u003E\n                          \u003Cimg alt=\u0022Dachhandwerker in ihrem Element\u0022 loading=\u0022eager\u0022 data-caption-hide width=\u0022597\u0022 height=\u0022398\u0022 data-zoomed=\u0022https:\/\/www.baumetall.de\/sites\/default\/files\/styles\/content__zoomed\/public\/aurora\/2024\/12\/413656.jpeg?itok=LqRk6vhf\u0022 src=\u0022\/sites\/default\/files\/styles\/teaser_standard__s\/public\/aurora\/2024\/12\/413656.jpeg?itok=HrHSNKE3\u0022 title=\u0022\u00a9 BAUMETALL\u0022 \/\u003E\n\n    \u003C\/picture\u003E\n      \u003Cfigcaption class=\u0022image--figcaption\u0022\u003E\n          \u003Cdiv class=\u0022copyright\u0022\u003EBAUMETALL\u003C\/div\u003E\n          \u003C\/figcaption\u003E\n\u003C\/figure\u003E\n\n\n    \u003C\/div\u003E\n    \u003Cdiv class=\u0022teaser-content\u0022\u003E\n                    \u003Cdiv class=\u0022teaser-content--kicker\u0022\u003E\n                    BAUMETALL-Extra\n        \u003C\/div\u003E\n                                              \n                        \n        \u003Ch4 class=\u0022teaser-content--headline\u0022\u003E\n                                BAUMETALL-Treff bei Dr\u00e4co \n                              \u003Cspan class=\u0022headline-last-word-arrow\u0022\u003ETools                      \u003C\/span\u003E\n        \u003C\/h4\u003E\n            \u003Cdiv class=\u0022teaser-content--publishing-date\u0022\u003E\u003Ctime datetime=\u00222024-12-04T08:41:49Z\u0022\u003E04.12.2024\u003C\/time\u003E\n\u003C\/div\u003E\u003Cspan class=\u0022teaser-content--publishing-date-divider\u0022\u003E - \u003C\/span\u003E\u003Cdiv class=\u0022teaser-content--body\u0022\u003E\u003Cp\u003EEin besonderes Highlight im BAUMETALL-Veranstaltungs\u00adkalender ist immer wieder der BAUMETALL-Treff. In diesem Jahr trafen sich die Teilnehmer beim bekannten Werkzeughersteller Dr\u00e4co in Deizisau vor den Toren Stuttgarts. Dieses BAUMETALL-Extra zu Ausgabe 08-2024 zeigt einige Veranstaltungshighlights\u003C\/p\u003E\n\u003C\/div\u003E\n                        \u003Cspan class=\u0022read-more-arrow-container\u0022\u003E\n            \u003Cspan class=\u0022read-more-angled-arrow\u0022\u003E \u003C\/span\u003E\n          \u003C\/span\u003E\n                  \u003C\/div\u003E\n    \u003C\/a\u003E\n\u003Ca href=\u0022\/baumetall-extra\/baumetall-extra-echte-handarbeit\u0022  class=\u0022teaser teaser--standard\u0022 aria-label=\u0022Echte Handarbeit\u0022\u003E\n      \u003Cdiv class=\u0022teaser-content--image\u0022\u003E\n        \u003Cfigure class=\u0022image--figure\u0022\u003E\n        \u003Cpicture\u003E\n                        \u003Csource srcset=\u0022\/sites\/default\/files\/styles\/teaser_standard__m\/public\/aurora\/2024\/12\/413603.jpeg.webp?itok=9E4Bza1O 1x\u0022 media=\u0022(min-width: 48.0625em) and (max-width: 64em)\u0022 type=\u0022image\/webp\u0022 width=\u0022323\u0022 height=\u0022232\u0022\/\u003E\n                  \u003Csource srcset=\u0022\/sites\/default\/files\/styles\/teaser_standard__l\/public\/aurora\/2024\/12\/413603.jpeg.webp?itok=J5rIOfHp 1x\u0022 media=\u0022(min-width: 64.0625em)\u0022 type=\u0022image\/webp\u0022 width=\u0022203\u0022 height=\u0022146\u0022\/\u003E\n                  \u003Csource srcset=\u0022\/sites\/default\/files\/styles\/teaser_standard__m\/public\/aurora\/2024\/12\/413603.jpeg?itok=rSKzxtHO 1x\u0022 media=\u0022(min-width: 48.0625em) and (max-width: 64em)\u0022 type=\u0022image\/jpeg\u0022 width=\u0022323\u0022 height=\u0022232\u0022\/\u003E\n                  \u003Csource srcset=\u0022\/sites\/default\/files\/styles\/teaser_standard__l\/public\/aurora\/2024\/12\/413603.jpeg?itok=BczTpFSy 1x\u0022 media=\u0022(min-width: 64.0625em)\u0022 type=\u0022image\/jpeg\u0022 width=\u0022203\u0022 height=\u0022146\u0022\/\u003E\n                          \u003Cimg loading=\u0022eager\u0022 data-caption-hide width=\u0022508\u0022 height=\u0022365\u0022 data-zoomed=\u0022https:\/\/www.baumetall.de\/sites\/default\/files\/styles\/content__zoomed\/public\/aurora\/2024\/12\/413603.jpeg?itok=Ypj9fh6m\u0022 src=\u0022\/sites\/default\/files\/styles\/teaser_standard__s\/public\/aurora\/2024\/12\/413603.jpeg?itok=dmankgdD\u0022 title=\u0022\u00a9 BAUMETALL\u0022 \/\u003E\n\n    \u003C\/picture\u003E\n      \u003Cfigcaption class=\u0022image--figcaption\u0022\u003E\n          \u003Cdiv class=\u0022copyright\u0022\u003EBAUMETALL\u003C\/div\u003E\n          \u003C\/figcaption\u003E\n\u003C\/figure\u003E\n\n\n    \u003C\/div\u003E\n    \u003Cdiv class=\u0022teaser-content\u0022\u003E\n                    \u003Cdiv class=\u0022teaser-content--kicker\u0022\u003E\n                    BAUMETALL-Extra\n        \u003C\/div\u003E\n                                              \n                        \n        \u003Ch4 class=\u0022teaser-content--headline\u0022\u003E\n                                Echte \n                              \u003Cspan class=\u0022headline-last-word-arrow\u0022\u003EHandarbeit                      \u003C\/span\u003E\n        \u003C\/h4\u003E\n            \u003Cdiv class=\u0022teaser-content--publishing-date\u0022\u003E\u003Ctime datetime=\u00222024-12-04T08:40:54Z\u0022\u003E04.12.2024\u003C\/time\u003E\n\u003C\/div\u003E\u003Cspan class=\u0022teaser-content--publishing-date-divider\u0022\u003E - \u003C\/span\u003E\u003Cdiv class=\u0022teaser-content--body\u0022\u003E\u003Cp\u003EBeim BAUMETALL-Workshop \u201eAufziehen und Ziselieren\u201c hatten die Teilnehmer im November 2024 die besondere M\u00f6glichkeit, in der traditionsreichen Werkstatt von G\u00fcrtlermeister Manfred Schulze Zinnbecher von Hand aufzuziehen. Dieses BAUMETALL-Extra gibt weitere Einblicke\u003C\/p\u003E\n\u003C\/div\u003E\n                        \u003Cspan class=\u0022read-more-arrow-container\u0022\u003E\n            \u003Cspan class=\u0022read-more-angled-arrow\u0022\u003E \u003C\/span\u003E\n          \u003C\/span\u003E\n                  \u003C\/div\u003E\n    \u003C\/a\u003E\n\u003Ca href=\u0022\/baumetall-extra\/baumetall-extra-masc-uebergaenge-im-blick\u0022  class=\u0022teaser teaser--standard\u0022 aria-label=\u0022M.A.S.C.-\u00dcberg\u00e4nge im Blick\u0022\u003E\n      \u003Cdiv class=\u0022teaser-content--image\u0022\u003E\n        \u003Cfigure class=\u0022image--figure\u0022\u003E\n        \u003Cpicture\u003E\n                        \u003Csource srcset=\u0022\/sites\/default\/files\/styles\/teaser_standard__m\/public\/aurora\/2024\/12\/413556.jpeg.webp?itok=xSb5qzrU 1x\u0022 media=\u0022(min-width: 48.0625em) and (max-width: 64em)\u0022 type=\u0022image\/webp\u0022 width=\u0022323\u0022 height=\u0022215\u0022\/\u003E\n                  \u003Csource srcset=\u0022\/sites\/default\/files\/styles\/teaser_standard__l\/public\/aurora\/2024\/12\/413556.jpeg.webp?itok=6OwLIYeh 1x\u0022 media=\u0022(min-width: 64.0625em)\u0022 type=\u0022image\/webp\u0022 width=\u0022203\u0022 height=\u0022135\u0022\/\u003E\n                  \u003Csource srcset=\u0022\/sites\/default\/files\/styles\/teaser_standard__m\/public\/aurora\/2024\/12\/413556.jpeg?itok=BOHxr8A3 1x\u0022 media=\u0022(min-width: 48.0625em) and (max-width: 64em)\u0022 type=\u0022image\/jpeg\u0022 width=\u0022323\u0022 height=\u0022215\u0022\/\u003E\n                  \u003Csource srcset=\u0022\/sites\/default\/files\/styles\/teaser_standard__l\/public\/aurora\/2024\/12\/413556.jpeg?itok=ibAzHNiH 1x\u0022 media=\u0022(min-width: 64.0625em)\u0022 type=\u0022image\/jpeg\u0022 width=\u0022203\u0022 height=\u0022135\u0022\/\u003E\n                          \u003Cimg loading=\u0022eager\u0022 data-caption-hide width=\u0022597\u0022 height=\u0022398\u0022 data-zoomed=\u0022https:\/\/www.baumetall.de\/sites\/default\/files\/styles\/content__zoomed\/public\/aurora\/2024\/12\/413556.jpeg?itok=IMz6w5Ft\u0022 src=\u0022\/sites\/default\/files\/styles\/teaser_standard__s\/public\/aurora\/2024\/12\/413556.jpeg?itok=ELb2BlrF\u0022 alt=\u0022\u0022 title=\u0022\u00a9 M.A.S.C. GmbH V\u00f6hringen\u0022 \/\u003E\n\n    \u003C\/picture\u003E\n      \u003Cfigcaption class=\u0022image--figcaption\u0022\u003E\n          \u003Cdiv class=\u0022copyright\u0022\u003EM.A.S.C. GmbH V\u00f6hringen\u003C\/div\u003E\n          \u003C\/figcaption\u003E\n\u003C\/figure\u003E\n\n\n    \u003C\/div\u003E\n    \u003Cdiv class=\u0022teaser-content\u0022\u003E\n                    \u003Cdiv class=\u0022teaser-content--kicker\u0022\u003E\n                    BAUMETALL-Extra\n        \u003C\/div\u003E\n                                              \n                        \n        \u003Ch4 class=\u0022teaser-content--headline\u0022\u003E\n                                M.A.S.C.-\u00dcberg\u00e4nge im \n                              \u003Cspan class=\u0022headline-last-word-arrow\u0022\u003EBlick                      \u003C\/span\u003E\n        \u003C\/h4\u003E\n            \u003Cdiv class=\u0022teaser-content--publishing-date\u0022\u003E\u003Ctime datetime=\u00222024-12-03T13:44:33Z\u0022\u003E03.12.2024\u003C\/time\u003E\n\u003C\/div\u003E\u003Cspan class=\u0022teaser-content--publishing-date-divider\u0022\u003E - \u003C\/span\u003E\u003Cdiv class=\u0022teaser-content--body\u0022\u003E\u003Cp\u003EGerade bei der Sanierung im Bestand stehen Fachhandwerker h\u00e4ufig vor der Herausforderung, einen passenden \u00dcbergang f\u00fcr unterschiedlichste bauliche Situationen zu finden. Ein smartes PDF-Dokument der M.A.S.C. GmbH aus V\u00f6hringen kann Abhilfe schaffen\u003C\/p\u003E\n\u003C\/div\u003E\n                        \u003Cspan class=\u0022read-more-arrow-container\u0022\u003E\n            \u003Cspan class=\u0022read-more-angled-arrow\u0022\u003E \u003C\/span\u003E\n          \u003C\/span\u003E\n                  \u003C\/div\u003E\n    \u003C\/a\u003E\n\u003Ca href=\u0022\/baumetall-extra\/baumetall-extra-baumetaller-sind-wanddesigner\u0022  class=\u0022teaser teaser--standard\u0022 aria-label=\u0022BAUMETALLER sind Wanddesigner\u0022\u003E\n      \u003Cdiv class=\u0022teaser-content--image\u0022\u003E\n        \u003Cfigure class=\u0022image--figure\u0022\u003E\n        \u003Cpicture\u003E\n                        \u003Csource srcset=\u0022\/sites\/default\/files\/styles\/teaser_standard__m\/public\/aurora\/2024\/12\/413565.jpeg.webp?itok=IJ52ygvj 1x\u0022 media=\u0022(min-width: 48.0625em) and (max-width: 64em)\u0022 type=\u0022image\/webp\u0022 width=\u0022323\u0022 height=\u0022184\u0022\/\u003E\n                  \u003Csource srcset=\u0022\/sites\/default\/files\/styles\/teaser_standard__l\/public\/aurora\/2024\/12\/413565.jpeg.webp?itok=dfHE7EeL 1x\u0022 media=\u0022(min-width: 64.0625em)\u0022 type=\u0022image\/webp\u0022 width=\u0022203\u0022 height=\u0022115\u0022\/\u003E\n                  \u003Csource srcset=\u0022\/sites\/default\/files\/styles\/teaser_standard__m\/public\/aurora\/2024\/12\/413565.jpeg?itok=3B5Mnqqt 1x\u0022 media=\u0022(min-width: 48.0625em) and (max-width: 64em)\u0022 type=\u0022image\/jpeg\u0022 width=\u0022323\u0022 height=\u0022184\u0022\/\u003E\n                  \u003Csource srcset=\u0022\/sites\/default\/files\/styles\/teaser_standard__l\/public\/aurora\/2024\/12\/413565.jpeg?itok=O969iW5V 1x\u0022 media=\u0022(min-width: 64.0625em)\u0022 type=\u0022image\/jpeg\u0022 width=\u0022203\u0022 height=\u0022115\u0022\/\u003E\n                          \u003Cimg alt=\u0022Eine mit Edelstahl bekleidete Einbauk\u00fcche pr\u00e4sentiert sich in warmem Kupferfarbton\u0022 loading=\u0022eager\u0022 data-caption-hide width=\u0022701\u0022 height=\u0022398\u0022 data-zoomed=\u0022https:\/\/www.baumetall.de\/sites\/default\/files\/styles\/content__zoomed\/public\/aurora\/2024\/12\/413565.jpeg?itok=2GIByjDX\u0022 src=\u0022\/sites\/default\/files\/styles\/teaser_standard__s\/public\/aurora\/2024\/12\/413565.jpeg?itok=_pXK8ZXo\u0022 title=\u0022\u00a9 MFG-Design und Alexandra von Frankenberg\u0022 \/\u003E\n\n    \u003C\/picture\u003E\n      \u003Cfigcaption class=\u0022image--figcaption\u0022\u003E\n          \u003Cdiv class=\u0022copyright\u0022\u003EMFG-Design und Alexandra von Frankenberg\u003C\/div\u003E\n          \u003C\/figcaption\u003E\n\u003C\/figure\u003E\n\n\n    \u003C\/div\u003E\n    \u003Cdiv class=\u0022teaser-content\u0022\u003E\n                    \u003Cdiv class=\u0022teaser-content--kicker\u0022\u003E\n                    BAUMETALL-Extra\n        \u003C\/div\u003E\n                                              \n                        \n        \u003Ch4 class=\u0022teaser-content--headline\u0022\u003E\n                                BAUMETALLER sind \n                              \u003Cspan class=\u0022headline-last-word-arrow\u0022\u003EWanddesigner                      \u003C\/span\u003E\n        \u003C\/h4\u003E\n            \u003Cdiv class=\u0022teaser-content--publishing-date\u0022\u003E\u003Ctime datetime=\u00222024-12-03T13:28:19Z\u0022\u003E03.12.2024\u003C\/time\u003E\n\u003C\/div\u003E\u003Cspan class=\u0022teaser-content--publishing-date-divider\u0022\u003E - \u003C\/span\u003E\u003Cdiv class=\u0022teaser-content--body\u0022\u003E\u003Cp\u003EDieses BAUMETALL-Extra zur BAUMETALL-Ausgabe 08-2024\u0026nbsp;veranschaulicht unter anderem, wie sich Baumetaller m\u00f6glichst pr\u00e4zise in den Verarbeitungsprozess einbringen k\u00f6nnen und in welcher Art Tischler f\u00fcr die passende Unterkonstruktion und die Integration in den Innenausbau sorgen k\u00f6nnen\u003C\/p\u003E\n\u003C\/div\u003E\n                        \u003Cspan class=\u0022read-more-arrow-container\u0022\u003E\n            \u003Cspan class=\u0022read-more-angled-arrow\u0022\u003E \u003C\/span\u003E\n          \u003C\/span\u003E\n                  \u003C\/div\u003E\n    \u003C\/a\u003E\n\u003Ca href=\u0022\/baumetall-extra\/online-extra-welt-metallfassaden-tag\u0022  class=\u0022teaser teaser--standard\u0022 aria-label=\u0022Welt-Metallfassaden-Tag\u0022\u003E\n      \u003Cdiv class=\u0022teaser-content--image\u0022\u003E\n        \u003Cfigure class=\u0022image--figure\u0022\u003E\n        \u003Cpicture\u003E\n                        \u003Csource srcset=\u0022\/sites\/default\/files\/styles\/teaser_standard__m\/public\/aurora\/2024\/11\/404706.jpeg.webp?itok=jFUdtGFs 1x\u0022 media=\u0022(min-width: 48.0625em) and (max-width: 64em)\u0022 type=\u0022image\/webp\u0022 width=\u0022323\u0022 height=\u0022239\u0022\/\u003E\n                  \u003Csource srcset=\u0022\/sites\/default\/files\/styles\/teaser_standard__l\/public\/aurora\/2024\/11\/404706.jpeg.webp?itok=oTaoiVRH 1x\u0022 media=\u0022(min-width: 64.0625em)\u0022 type=\u0022image\/webp\u0022 width=\u0022203\u0022 height=\u0022150\u0022\/\u003E\n                  \u003Csource srcset=\u0022\/sites\/default\/files\/styles\/teaser_standard__m\/public\/aurora\/2024\/11\/404706.jpeg?itok=GHV_cxiC 1x\u0022 media=\u0022(min-width: 48.0625em) and (max-width: 64em)\u0022 type=\u0022image\/jpeg\u0022 width=\u0022323\u0022 height=\u0022239\u0022\/\u003E\n                  \u003Csource srcset=\u0022\/sites\/default\/files\/styles\/teaser_standard__l\/public\/aurora\/2024\/11\/404706.jpeg?itok=7vd0OzS1 1x\u0022 media=\u0022(min-width: 64.0625em)\u0022 type=\u0022image\/jpeg\u0022 width=\u0022203\u0022 height=\u0022150\u0022\/\u003E\n                          \u003Cimg loading=\u0022eager\u0022 data-caption-hide width=\u0022537\u0022 height=\u0022398\u0022 data-zoomed=\u0022https:\/\/www.baumetall.de\/sites\/default\/files\/styles\/content__zoomed\/public\/aurora\/2024\/11\/404706.jpeg?itok=hWUifMPX\u0022 src=\u0022\/sites\/default\/files\/styles\/teaser_standard__s\/public\/aurora\/2024\/11\/404706.jpeg?itok=dNG_NKdX\u0022 title=\u0022\u00a9 BAUMETALL\u0022 \/\u003E\n\n    \u003C\/picture\u003E\n      \u003Cfigcaption class=\u0022image--figcaption\u0022\u003E\n          \u003Cdiv class=\u0022copyright\u0022\u003EBAUMETALL\u003C\/div\u003E\n          \u003C\/figcaption\u003E\n\u003C\/figure\u003E\n\n\n    \u003C\/div\u003E\n    \u003Cdiv class=\u0022teaser-content\u0022\u003E\n                    \u003Cdiv class=\u0022teaser-content--kicker\u0022\u003E\n                    Online-Extra\n        \u003C\/div\u003E\n                                              \n                        \n        \u003Ch4 class=\u0022teaser-content--headline\u0022\u003E\n                                        \u003Cspan class=\u0022headline-last-word-arrow\u0022\u003EWelt-Metallfassaden-Tag                      \u003C\/span\u003E\n        \u003C\/h4\u003E\n            \u003Cdiv class=\u0022teaser-content--publishing-date\u0022\u003E\u003Ctime datetime=\u00222024-11-12T14:46:58Z\u0022\u003E12.11.2024\u003C\/time\u003E\n\u003C\/div\u003E\u003Cspan class=\u0022teaser-content--publishing-date-divider\u0022\u003E - \u003C\/span\u003E\u003Cdiv class=\u0022teaser-content--body\u0022\u003E\u003Cp\u003EBAUMETALL-Leser stellen zahlreiche Fassadensch\u00f6nheiten vor. Jeder einzelne Klick wird mit beeindruckenden Objekten und dazu passenden Berichten belohnt\u003C\/p\u003E\n\u003C\/div\u003E\n                        \u003Cspan class=\u0022read-more-arrow-container\u0022\u003E\n            \u003Cspan class=\u0022read-more-angled-arrow\u0022\u003E \u003C\/span\u003E\n          \u003C\/span\u003E\n                  \u003C\/div\u003E\n    \u003C\/a\u003E\n\u003Ca href=\u0022\/baumetall-extra\/online-extra-ein-lebenswerk-eine-ausstellung\u0022  class=\u0022teaser teaser--standard\u0022 aria-label=\u0022Ein Lebenswerk. Eine Ausstellung\u0022\u003E\n      \u003Cdiv class=\u0022teaser-content--image\u0022\u003E\n        \u003Cfigure class=\u0022image--figure\u0022\u003E\n        \u003Cpicture\u003E\n                        \u003Csource srcset=\u0022\/sites\/default\/files\/styles\/teaser_standard__m\/public\/aurora\/2024\/11\/397594.jpeg.webp?itok=90ewb_kC 1x\u0022 media=\u0022(min-width: 48.0625em) and (max-width: 64em)\u0022 type=\u0022image\/webp\u0022 width=\u0022323\u0022 height=\u0022215\u0022\/\u003E\n                  \u003Csource srcset=\u0022\/sites\/default\/files\/styles\/teaser_standard__l\/public\/aurora\/2024\/11\/397594.jpeg.webp?itok=2fs6YzET 1x\u0022 media=\u0022(min-width: 64.0625em)\u0022 type=\u0022image\/webp\u0022 width=\u0022203\u0022 height=\u0022135\u0022\/\u003E\n                  \u003Csource srcset=\u0022\/sites\/default\/files\/styles\/teaser_standard__m\/public\/aurora\/2024\/11\/397594.jpeg?itok=dkKGJTtJ 1x\u0022 media=\u0022(min-width: 48.0625em) and (max-width: 64em)\u0022 type=\u0022image\/jpeg\u0022 width=\u0022323\u0022 height=\u0022215\u0022\/\u003E\n                  \u003Csource srcset=\u0022\/sites\/default\/files\/styles\/teaser_standard__l\/public\/aurora\/2024\/11\/397594.jpeg?itok=Se-_9zXi 1x\u0022 media=\u0022(min-width: 64.0625em)\u0022 type=\u0022image\/jpeg\u0022 width=\u0022203\u0022 height=\u0022135\u0022\/\u003E\n                          \u003Cimg alt=\u0022Sammlung alter Dachspitzen und Kirchturmkugeln\u0022 loading=\u0022eager\u0022 data-caption-hide width=\u0022597\u0022 height=\u0022398\u0022 data-zoomed=\u0022https:\/\/www.baumetall.de\/sites\/default\/files\/styles\/content__zoomed\/public\/aurora\/2024\/11\/397594.jpeg?itok=PcQaaBWC\u0022 src=\u0022\/sites\/default\/files\/styles\/teaser_standard__s\/public\/aurora\/2024\/11\/397594.jpeg?itok=PNXMZmJL\u0022 title=\u0022\u00a9 Klaus Walter\u0022 \/\u003E\n\n    \u003C\/picture\u003E\n      \u003Cfigcaption class=\u0022image--figcaption\u0022\u003E\n          \u003Cdiv class=\u0022copyright\u0022\u003EKlaus Walter\u003C\/div\u003E\n          \u003C\/figcaption\u003E\n\u003C\/figure\u003E\n\n\n    \u003C\/div\u003E\n    \u003Cdiv class=\u0022teaser-content\u0022\u003E\n                    \u003Cdiv class=\u0022teaser-content--kicker\u0022\u003E\n                    Online-Extra\n        \u003C\/div\u003E\n                                              \n                        \n        \u003Ch4 class=\u0022teaser-content--headline\u0022\u003E\n                                Ein Lebenswerk. Eine \n                              \u003Cspan class=\u0022headline-last-word-arrow\u0022\u003EAusstellung                      \u003C\/span\u003E\n        \u003C\/h4\u003E\n            \u003Cdiv class=\u0022teaser-content--publishing-date\u0022\u003E\u003Ctime datetime=\u00222024-11-12T13:53:29Z\u0022\u003E12.11.2024\u003C\/time\u003E\n\u003C\/div\u003E\u003Cspan class=\u0022teaser-content--publishing-date-divider\u0022\u003E - \u003C\/span\u003E\u003Cdiv class=\u0022teaser-content--body\u0022\u003E\u003Cp\u003E\u201eIn eigener Sache\u201c nennt Flaschner\u00admeister Wolfgang Huber seine Kunstausstellung. Der Ausnahmehandwerker aus Ki\u00dflegg im Allg\u00e4u gew\u00e4hrt tiefe Einblicke in\u0026nbsp;zahlreiche Restaurationsarbeiten. Anhand unterschiedlichster Exponate pr\u00e4sentiert er verschiedenste historische Blechd\u00e4cher. In diesem Online-Extra zu BAUMETALL-Ausgabe 07-2024 erfahren Sie mehr \u00fcber das Wirken des Ausnahmehandwerkers\u003C\/p\u003E\n\u003C\/div\u003E\n                        \u003Cspan class=\u0022read-more-arrow-container\u0022\u003E\n            \u003Cspan class=\u0022read-more-angled-arrow\u0022\u003E \u003C\/span\u003E\n          \u003C\/span\u003E\n                  \u003C\/div\u003E\n    \u003C\/a\u003E\n\u003Ca href=\u0022\/baumetall-extra\/online-extra-pavillon-fuer-pop-kultur\u0022  class=\u0022teaser teaser--standard\u0022 aria-label=\u0022Pavillon f\u00fcr Pop-Kultur\u0022\u003E\n      \u003Cdiv class=\u0022teaser-content--image\u0022\u003E\n        \u003Cfigure class=\u0022image--figure\u0022\u003E\n        \u003Cpicture\u003E\n                        \u003Csource srcset=\u0022\/sites\/default\/files\/styles\/teaser_standard__m\/public\/aurora\/2024\/11\/403447.jpeg.webp?itok=iHaL1o3V 1x\u0022 media=\u0022(min-width: 48.0625em) and (max-width: 64em)\u0022 type=\u0022image\/webp\u0022 width=\u0022323\u0022 height=\u0022221\u0022\/\u003E\n                  \u003Csource srcset=\u0022\/sites\/default\/files\/styles\/teaser_standard__l\/public\/aurora\/2024\/11\/403447.jpeg.webp?itok=_FiXKUCN 1x\u0022 media=\u0022(min-width: 64.0625em)\u0022 type=\u0022image\/webp\u0022 width=\u0022203\u0022 height=\u0022139\u0022\/\u003E\n                  \u003Csource srcset=\u0022\/sites\/default\/files\/styles\/teaser_standard__m\/public\/aurora\/2024\/11\/403447.jpeg?itok=6_HcjHcC 1x\u0022 media=\u0022(min-width: 48.0625em) and (max-width: 64em)\u0022 type=\u0022image\/jpeg\u0022 width=\u0022323\u0022 height=\u0022221\u0022\/\u003E\n                  \u003Csource srcset=\u0022\/sites\/default\/files\/styles\/teaser_standard__l\/public\/aurora\/2024\/11\/403447.jpeg?itok=XR8R0t6P 1x\u0022 media=\u0022(min-width: 64.0625em)\u0022 type=\u0022image\/jpeg\u0022 width=\u0022203\u0022 height=\u0022139\u0022\/\u003E\n                          \u003Cimg alt=\u0022\ufeffUnter bzw. in der neuen Kuppel Basel finden bis zu 600 Personen\u2009...\u0022 loading=\u0022eager\u0022 data-caption-hide width=\u0022583\u0022 height=\u0022398\u0022 data-zoomed=\u0022https:\/\/www.baumetall.de\/sites\/default\/files\/styles\/content__zoomed\/public\/aurora\/2024\/11\/403447.jpeg?itok=wOSIzvdp\u0022 src=\u0022\/sites\/default\/files\/styles\/teaser_standard__s\/public\/aurora\/2024\/11\/403447.jpeg?itok=6iOoitzt\u0022 title=\u0022\u00a9 Bild: V\u00e9csey Schmidt Architekt:innen \/ Pati Grabowicz\u0022 \/\u003E\n\n    \u003C\/picture\u003E\n      \u003Cfigcaption class=\u0022image--figcaption\u0022\u003E\n          \u003Cdiv class=\u0022copyright\u0022\u003EBild: V\u00e9csey Schmidt Architekt:innen \/ Pati Grabowicz\u003C\/div\u003E\n          \u003C\/figcaption\u003E\n\u003C\/figure\u003E\n\n\n    \u003C\/div\u003E\n    \u003Cdiv class=\u0022teaser-content\u0022\u003E\n                    \u003Cdiv class=\u0022teaser-content--kicker\u0022\u003E\n                    Online-Extra\n        \u003C\/div\u003E\n                                              \n                        \n        \u003Ch4 class=\u0022teaser-content--headline\u0022\u003E\n                                Pavillon f\u00fcr \n                              \u003Cspan class=\u0022headline-last-word-arrow\u0022\u003EPop-Kultur                      \u003C\/span\u003E\n        \u003C\/h4\u003E\n            \u003Cdiv class=\u0022teaser-content--publishing-date\u0022\u003E\u003Ctime datetime=\u00222024-11-12T13:04:06Z\u0022\u003E12.11.2024\u003C\/time\u003E\n\u003C\/div\u003E\u003Cspan class=\u0022teaser-content--publishing-date-divider\u0022\u003E - \u003C\/span\u003E\u003Cdiv class=\u0022teaser-content--body\u0022\u003E\u003Cp\u003EIn der Reportage \u201eFormvollendet\u201c aus BAUMETALL-Ausgabe 07-2024 erfahren Sie mehr \u00fcber die Symbiose mehrerer Tonnend\u00e4cher zu einer besonderen Bedachungsb\u00fchne. Dieses Online-Extra bietet weitere Einblicke in den besonderen architektonischen Bau\u003C\/p\u003E\n\u003C\/div\u003E\n                        \u003Cspan class=\u0022read-more-arrow-container\u0022\u003E\n            \u003Cspan class=\u0022read-more-angled-arrow\u0022\u003E \u003C\/span\u003E\n          \u003C\/span\u003E\n                  \u003C\/div\u003E\n    \u003C\/a\u003E\n\u003Ca href=\u0022\/baumetall-extra\/online-extra-euroblech-2024\u0022  class=\u0022teaser teaser--standard\u0022 aria-label=\u0022Euroblech 2024\u0022\u003E\n      \u003Cdiv class=\u0022teaser-content--image\u0022\u003E\n        \u003Cfigure class=\u0022image--figure\u0022\u003E\n        \u003Cpicture\u003E\n                        \u003Csource srcset=\u0022\/sites\/default\/files\/styles\/teaser_standard__m\/public\/aurora\/2024\/11\/404212.jpeg.webp?itok=TL640Cw5 1x\u0022 media=\u0022(min-width: 48.0625em) and (max-width: 64em)\u0022 type=\u0022image\/webp\u0022 width=\u0022323\u0022 height=\u0022196\u0022\/\u003E\n                  \u003Csource srcset=\u0022\/sites\/default\/files\/styles\/teaser_standard__l\/public\/aurora\/2024\/11\/404212.jpeg.webp?itok=8H2tuYn3 1x\u0022 media=\u0022(min-width: 64.0625em)\u0022 type=\u0022image\/webp\u0022 width=\u0022203\u0022 height=\u0022123\u0022\/\u003E\n                  \u003Csource srcset=\u0022\/sites\/default\/files\/styles\/teaser_standard__m\/public\/aurora\/2024\/11\/404212.jpeg?itok=9Fuy1oSW 1x\u0022 media=\u0022(min-width: 48.0625em) and (max-width: 64em)\u0022 type=\u0022image\/jpeg\u0022 width=\u0022323\u0022 height=\u0022196\u0022\/\u003E\n                  \u003Csource srcset=\u0022\/sites\/default\/files\/styles\/teaser_standard__l\/public\/aurora\/2024\/11\/404212.jpeg?itok=2MOHsE2S 1x\u0022 media=\u0022(min-width: 64.0625em)\u0022 type=\u0022image\/jpeg\u0022 width=\u0022203\u0022 height=\u0022123\u0022\/\u003E\n                          \u003Cimg loading=\u0022eager\u0022 data-caption-hide width=\u0022657\u0022 height=\u0022398\u0022 data-zoomed=\u0022https:\/\/www.baumetall.de\/sites\/default\/files\/styles\/content__zoomed\/public\/aurora\/2024\/11\/404212.jpeg?itok=i1WOKtXL\u0022 src=\u0022\/sites\/default\/files\/styles\/teaser_standard__s\/public\/aurora\/2024\/11\/404212.jpeg?itok=mBZxr8fv\u0022 title=\u0022\u00a9 BAUMETALL\u0022 \/\u003E\n\n    \u003C\/picture\u003E\n      \u003Cfigcaption class=\u0022image--figcaption\u0022\u003E\n          \u003Cdiv class=\u0022copyright\u0022\u003EBAUMETALL\u003C\/div\u003E\n          \u003C\/figcaption\u003E\n\u003C\/figure\u003E\n\n\n    \u003C\/div\u003E\n    \u003Cdiv class=\u0022teaser-content\u0022\u003E\n                    \u003Cdiv class=\u0022teaser-content--kicker\u0022\u003E\n                    Online-Extra\n        \u003C\/div\u003E\n                                              \n                        \n        \u003Ch4 class=\u0022teaser-content--headline\u0022\u003E\n                                Euroblech \n                              \u003Cspan class=\u0022headline-last-word-arrow\u0022\u003E2024                      \u003C\/span\u003E\n        \u003C\/h4\u003E\n            \u003Cdiv class=\u0022teaser-content--publishing-date\u0022\u003E\u003Ctime datetime=\u00222024-11-11T13:58:42Z\u0022\u003E11.11.2024\u003C\/time\u003E\n\u003C\/div\u003E\u003Cspan class=\u0022teaser-content--publishing-date-divider\u0022\u003E - \u003C\/span\u003E\u003Cdiv class=\u0022teaser-content--body\u0022\u003E\u003Cp\u003EDieses BAUMETALL-Extra zur Ausgabe 07-2024 liefert umfassende Informationen zur Euroblech 2024 in Hannover\u003C\/p\u003E\n\u003C\/div\u003E\n                        \u003Cspan class=\u0022read-more-arrow-container\u0022\u003E\n            \u003Cspan class=\u0022read-more-angled-arrow\u0022\u003E \u003C\/span\u003E\n          \u003C\/span\u003E\n                  \u003C\/div\u003E\n    \u003C\/a\u003E\n\u003Ca href=\u0022\/baumetall-extra\/baumetall-extra-baumetall-workshop-kreative-kupferwerkstatt-0\u0022  class=\u0022teaser teaser--standard\u0022 aria-label=\u0022BAUMETALL-Workshop \u201eKreative Kupferwerkstatt\u201c\u0022\u003E\n      \u003Cdiv class=\u0022teaser-content--image\u0022\u003E\n        \u003Cfigure class=\u0022image--figure\u0022\u003E\n        \u003Cpicture\u003E\n                        \u003Csource srcset=\u0022\/sites\/default\/files\/styles\/teaser_standard__m\/public\/aurora\/2024\/11\/399900.jpeg.webp?itok=I760mNea 1x\u0022 media=\u0022(min-width: 48.0625em) and (max-width: 64em)\u0022 type=\u0022image\/webp\u0022 width=\u0022323\u0022 height=\u0022215\u0022\/\u003E\n                  \u003Csource srcset=\u0022\/sites\/default\/files\/styles\/teaser_standard__l\/public\/aurora\/2024\/11\/399900.jpeg.webp?itok=moCjxZM6 1x\u0022 media=\u0022(min-width: 64.0625em)\u0022 type=\u0022image\/webp\u0022 width=\u0022203\u0022 height=\u0022135\u0022\/\u003E\n                  \u003Csource srcset=\u0022\/sites\/default\/files\/styles\/teaser_standard__m\/public\/aurora\/2024\/11\/399900.jpeg?itok=aTtwRyHn 1x\u0022 media=\u0022(min-width: 48.0625em) and (max-width: 64em)\u0022 type=\u0022image\/jpeg\u0022 width=\u0022323\u0022 height=\u0022215\u0022\/\u003E\n                  \u003Csource srcset=\u0022\/sites\/default\/files\/styles\/teaser_standard__l\/public\/aurora\/2024\/11\/399900.jpeg?itok=8G-7DBMZ 1x\u0022 media=\u0022(min-width: 64.0625em)\u0022 type=\u0022image\/jpeg\u0022 width=\u0022203\u0022 height=\u0022135\u0022\/\u003E\n                          \u003Cimg loading=\u0022eager\u0022 data-caption-hide width=\u0022597\u0022 height=\u0022398\u0022 data-zoomed=\u0022https:\/\/www.baumetall.de\/sites\/default\/files\/styles\/content__zoomed\/public\/aurora\/2024\/11\/399900.jpeg?itok=k-lMoTUA\u0022 src=\u0022\/sites\/default\/files\/styles\/teaser_standard__s\/public\/aurora\/2024\/11\/399900.jpeg?itok=aGEDYrTM\u0022 title=\u0022\u00a9 BAUMETALL\u0022 \/\u003E\n\n    \u003C\/picture\u003E\n      \u003Cfigcaption class=\u0022image--figcaption\u0022\u003E\n          \u003Cdiv class=\u0022copyright\u0022\u003EBAUMETALL\u003C\/div\u003E\n          \u003C\/figcaption\u003E\n\u003C\/figure\u003E\n\n\n    \u003C\/div\u003E\n    \u003Cdiv class=\u0022teaser-content\u0022\u003E\n                    \u003Cdiv class=\u0022teaser-content--kicker\u0022\u003E\n                    BAUMETALL-Extra\n        \u003C\/div\u003E\n                                              \n                        \n        \u003Ch4 class=\u0022teaser-content--headline\u0022\u003E\n                                BAUMETALL-Workshop \u201eKreative \n                              \u003Cspan class=\u0022headline-last-word-arrow\u0022\u003EKupferwerkstatt\u201c                      \u003C\/span\u003E\n        \u003C\/h4\u003E\n            \u003Cdiv class=\u0022teaser-content--publishing-date\u0022\u003E\u003Ctime datetime=\u00222024-11-11T09:19:42Z\u0022\u003E11.11.2024\u003C\/time\u003E\n\u003C\/div\u003E\u003Cspan class=\u0022teaser-content--publishing-date-divider\u0022\u003E - \u003C\/span\u003E\u003Cdiv class=\u0022teaser-content--body\u0022\u003E  \u003Cp\u003EWow, war das beh\u00e4mmert! Aber nicht, weil es so schlimm, sondern vielmehr so fantastisch war! Zum neunten Mal fand der BAU\u00adMETALL-Workshop \u201eKreative Kupferwerkstatt\u201c unter Leitung der K\u00fcnst\u00adlerin und Bildhauerin Manuela Geugelin statt und verwandelte das \u00adMuseum wieder einmal zur kreativen...\u003C\/p\u003E\n\n\n\u003C\/div\u003E\n                        \u003Cspan class=\u0022read-more-arrow-container\u0022\u003E\n            \u003Cspan class=\u0022read-more-angled-arrow\u0022\u003E \u003C\/span\u003E\n          \u003C\/span\u003E\n                  \u003C\/div\u003E\n    \u003C\/a\u003E\n","entity_type":"node","used_ids":["",250981,247357,244862,242177,241034,237761,237414,236945,236878,234320,231546,231545,231528,231527,230475,230471,230469,230397,230376],"show_more":"\u003Cdiv class=\u0022del-show-more\u0022\u003E\u003Ca href=\u0022\/ajax\/del\/a601bfe6-0208-43e6-8d65-b65a83d06740\/paragraph\/20\/19\/asc\/eyJub2RlIjp7ImlkIjoiMjU5NTgiLCJ0eXBlIjoicGFnZSJ9fQ%3D%3D\u0022 title=\u0022Mehr Elemente anzeigen\u0022 class=\u0022del-show-more-link use-ajax\u0022 rel=\u0022nofollow\u0022 data-target-type=\u0022node\u0022 aria-controls=\u0022del--paragraph-567710--content\u0022 aria-label=\u0022Mehr Elemente anzeigen\u0022\u003EMehr anzeigen\u003C\/a\u003E\u003C\/div\u003E\n"}]