[{"command":"settings","settings":{"pluralDelimiter":"\u0003","suppressDeprecationErrors":true,"ajaxPageState":{"libraries":"eJxLzi9K1S_ITC4pLUpNy8zJ0UmpzEvMzUyOT80rySypjM_JLC7RL87IL4_PBaoEALH_EqY","theme":"ivory","theme_token":null},"ajaxTrustedUrl":[],"user":{"uid":0,"permissionsHash":"9c975576f1b96e43d31b3ff34c1ca6b53b6096ff14d83974ef00f2d68011e8fb"}},"merge":true},{"command":"add_css","data":[{"rel":"stylesheet","media":"all","href":"\/core\/themes\/stable9\/css\/core\/components\/progress.module.css?te7139"},{"rel":"stylesheet","media":"all","href":"\/core\/themes\/stable9\/css\/core\/components\/ajax-progress.module.css?te7139"},{"rel":"stylesheet","media":"all","href":"\/themes\/contrib\/gin\/dist\/css\/components\/ajax.css?te7139"}]},{"command":"add_js","selector":"body","data":[{"src":"\/core\/assets\/vendor\/jquery\/jquery.min.js?v=4.0.0"},{"src":"\/sites\/default\/files\/js\/js_vZHPysHCgnEP2IP4kU6fYJyvPKSDJOqPSndg5yWEofc.js?scope=footer\u0026delta=1\u0026language=de-bm\u0026theme=ivory\u0026include=eJxLqcxLzM1Mjk_NK8ksqYzPySwu0S_OyC-Pz80vSgUAtBcL_w"}]},{"command":"showMoreTeasers","id":"del--paragraph-567695","content":"\u003Ca href=\u0022\/technik\/drei-teams-fuer-die-fassadenheros-gesucht-stillstand-der-fassade-nicht-bei-diesem-format\u0022  class=\u0022teaser teaser--standard\u0022 aria-label=\u0022Stillstand an der Fassade? Nicht bei diesem Format! \u0022\u003E\n      \u003Cdiv class=\u0022teaser-content--image\u0022\u003E\n        \u003Cfigure class=\u0022image--figure\u0022\u003E\n        \u003Cpicture\u003E\n                        \u003Csource srcset=\u0022\/sites\/default\/files\/styles\/teaser_standard__m\/public\/aurora\/2026\/04\/533874.jpeg.webp?itok=XE3JYTEx 1x\u0022 media=\u0022(min-width: 48.0625em) and (max-width: 64em)\u0022 type=\u0022image\/webp\u0022 width=\u0022242\u0022 height=\u0022242\u0022\/\u003E\n                  \u003Csource srcset=\u0022\/sites\/default\/files\/styles\/teaser_standard__l\/public\/aurora\/2026\/04\/533874.jpeg.webp?itok=2OInYXhD 1x\u0022 media=\u0022(min-width: 64.0625em)\u0022 type=\u0022image\/webp\u0022 width=\u0022152\u0022 height=\u0022152\u0022\/\u003E\n                  \u003Csource srcset=\u0022\/sites\/default\/files\/styles\/teaser_standard__m\/public\/aurora\/2026\/04\/533874.jpeg?itok=ggTwBjjr 1x\u0022 media=\u0022(min-width: 48.0625em) and (max-width: 64em)\u0022 type=\u0022image\/jpeg\u0022 width=\u0022242\u0022 height=\u0022242\u0022\/\u003E\n                  \u003Csource srcset=\u0022\/sites\/default\/files\/styles\/teaser_standard__l\/public\/aurora\/2026\/04\/533874.jpeg?itok=cVMLn8WY 1x\u0022 media=\u0022(min-width: 64.0625em)\u0022 type=\u0022image\/jpeg\u0022 width=\u0022152\u0022 height=\u0022152\u0022\/\u003E\n                          \u003Cimg loading=\u0022eager\u0022 data-caption-hide width=\u0022398\u0022 height=\u0022398\u0022 data-zoomed=\u0022https:\/\/www.baumetall.de\/sites\/default\/files\/styles\/content__zoomed\/public\/aurora\/2026\/04\/533874.jpeg?itok=BqOzieN2\u0022 src=\u0022\/sites\/default\/files\/styles\/teaser_standard__s\/public\/aurora\/2026\/04\/533874.jpeg?itok=xf46cbui\u0022 title=\u0022Ein Kraftprotz in einem rot gestreiften Outfit hebt in einer zirkus\u00e4hnlichen Umgebung eine gro\u00dfe Langhantel \u00fcber den Kopf. - \u00a9 Gustav Barth GmbH \/ KI-Info\u0022 \/\u003E\n\n    \u003C\/picture\u003E\n      \u003Cfigcaption class=\u0022image--figcaption\u0022\u003E\n          \u003Cdiv class=\u0022copyright\u0022\u003EGustav Barth GmbH \/ KI-Info\u003C\/div\u003E\n          \u003C\/figcaption\u003E\n\u003C\/figure\u003E\n\n\n    \u003C\/div\u003E\n    \u003Cdiv class=\u0022teaser-content\u0022\u003E\n                    \u003Cdiv class=\u0022teaser-content--kicker\u0022\u003E\n                    Drei Teams f\u00fcr die \u201eFassadenheros\u201c gesucht\n        \u003C\/div\u003E\n                                              \n                        \n        \u003Ch4 class=\u0022teaser-content--headline\u0022\u003E\n                                Stillstand an der Fassade? Nicht bei diesem \n                              \u003Cspan class=\u0022headline-last-word-arrow\u0022\u003EFormat!                      \u003C\/span\u003E\n        \u003C\/h4\u003E\n            \u003Cdiv class=\u0022teaser-content--publishing-date\u0022\u003E\u003Ctime datetime=\u00222026-04-30T13:26:54Z\u0022\u003E30.04.2026\u003C\/time\u003E\n\u003C\/div\u003E\u003Cspan class=\u0022teaser-content--publishing-date-divider\u0022\u003E - \u003C\/span\u003E\u003Cdiv class=\u0022teaser-content--body\u0022\u003E\u003Cp\u003EDas gab es so noch nie! Teilnehmer eines Live-Wettbewerbs \u201edenken\u201c das traditionelle Bekleiden von Metallfassaden radikal neu. Design, Kunst und Architektur begegnen klassischer Spenglertechnik und lassen etwas f\u00f6llig NEUES entstehen!\u003C\/p\u003E\n\u003C\/div\u003E\n                        \u003Cspan class=\u0022read-more-arrow-container\u0022\u003E\n            \u003Cspan class=\u0022read-more-angled-arrow\u0022\u003E \u003C\/span\u003E\n          \u003C\/span\u003E\n                  \u003C\/div\u003E\n    \u003C\/a\u003E\n\u003Ca href=\u0022\/reportage\/handwerk-trifft-hightech-baumetall-netzwerktreffen-landsberg\u0022  class=\u0022teaser teaser--standard\u0022 aria-label=\u0022BAUMETALL-Netzwerktreffen in Landsberg\u0022\u003E\n      \u003Cdiv class=\u0022teaser-content--image\u0022\u003E\n        \u003Cfigure class=\u0022image--figure\u0022\u003E\n        \u003Cpicture\u003E\n                        \u003Csource srcset=\u0022\/sites\/default\/files\/styles\/teaser_standard__m\/public\/aurora\/2026\/04\/530792.jpeg.webp?itok=1JnarWP6 1x\u0022 media=\u0022(min-width: 48.0625em) and (max-width: 64em)\u0022 type=\u0022image\/webp\u0022 width=\u0022323\u0022 height=\u0022208\u0022\/\u003E\n                  \u003Csource srcset=\u0022\/sites\/default\/files\/styles\/teaser_standard__l\/public\/aurora\/2026\/04\/530792.jpeg.webp?itok=yqfvB1SK 1x\u0022 media=\u0022(min-width: 64.0625em)\u0022 type=\u0022image\/webp\u0022 width=\u0022203\u0022 height=\u0022131\u0022\/\u003E\n                  \u003Csource srcset=\u0022\/sites\/default\/files\/styles\/teaser_standard__m\/public\/aurora\/2026\/04\/530792.jpeg?itok=-wy2_Lrf 1x\u0022 media=\u0022(min-width: 48.0625em) and (max-width: 64em)\u0022 type=\u0022image\/jpeg\u0022 width=\u0022323\u0022 height=\u0022208\u0022\/\u003E\n                  \u003Csource srcset=\u0022\/sites\/default\/files\/styles\/teaser_standard__l\/public\/aurora\/2026\/04\/530792.jpeg?itok=9eelpsJK 1x\u0022 media=\u0022(min-width: 64.0625em)\u0022 type=\u0022image\/jpeg\u0022 width=\u0022203\u0022 height=\u0022131\u0022\/\u003E\n                          \u003Cimg alt=\u0022BAUMETALL-Treff zu Gast bei der Krehle GmbH\u0022 loading=\u0022eager\u0022 data-caption-hide width=\u0022619\u0022 height=\u0022398\u0022 data-zoomed=\u0022https:\/\/www.baumetall.de\/sites\/default\/files\/styles\/content__zoomed\/public\/aurora\/2026\/04\/530792.jpeg?itok=RYA0Fndd\u0022 src=\u0022\/sites\/default\/files\/styles\/teaser_standard__s\/public\/aurora\/2026\/04\/530792.jpeg?itok=HkoUc1NL\u0022 title=\u0022\u00a9 BAUMETALL\u0022 \/\u003E\n\n    \u003C\/picture\u003E\n      \u003Cfigcaption class=\u0022image--figcaption\u0022\u003E\n          \u003Cdiv class=\u0022copyright\u0022\u003EBAUMETALL\u003C\/div\u003E\n          \u003C\/figcaption\u003E\n\u003C\/figure\u003E\n\n\n    \u003C\/div\u003E\n    \u003Cdiv class=\u0022teaser-content\u0022\u003E\n                    \u003Cdiv class=\u0022teaser-content--kicker\u0022\u003E\n                    Handwerk trifft Hightech\n        \u003C\/div\u003E\n                                              \n                        \n        \u003Ch4 class=\u0022teaser-content--headline\u0022\u003E\n                                BAUMETALL-Netzwerktreffen in \n                              \u003Cspan class=\u0022headline-last-word-arrow\u0022\u003ELandsberg                      \u003C\/span\u003E\n        \u003C\/h4\u003E\n            \u003Cdiv class=\u0022teaser-content--publishing-date\u0022\u003E\u003Ctime datetime=\u00222026-04-20T13:38:41Z\u0022\u003E20.04.2026\u003C\/time\u003E\n\u003C\/div\u003E\u003Cspan class=\u0022teaser-content--publishing-date-divider\u0022\u003E - \u003C\/span\u003E\u003Cdiv class=\u0022teaser-content--body\u0022\u003E\u003Cp\u003E30 Fachleute aus drei L\u00e4ndern informierten sich bei der Krehle GmbH \u00fcber die digitale Transformation im Spenglerhandwerk.\u003C\/p\u003E\n\u003C\/div\u003E\n                        \u003Cspan class=\u0022read-more-arrow-container\u0022\u003E\n            \u003Cspan class=\u0022read-more-angled-arrow\u0022\u003E \u003C\/span\u003E\n          \u003C\/span\u003E\n                  \u003C\/div\u003E\n    \u003C\/a\u003E\n\u003Ca href=\u0022\/technik\/neu-auf-instagram-dbbi-handwerker-wissen-fuer-die-hosentasche\u0022  class=\u0022teaser teaser--standard\u0022 aria-label=\u0022DBBi \u2013 Handwerker-Wissen f\u00fcr die Hosentasche\u0022\u003E\n      \u003Cdiv class=\u0022teaser-content--image\u0022\u003E\n        \u003Cfigure class=\u0022image--figure\u0022\u003E\n        \u003Cpicture\u003E\n                        \u003Csource srcset=\u0022\/sites\/default\/files\/styles\/teaser_standard__m\/public\/aurora\/2026\/04\/529689.jpeg.webp?itok=YhQHSUDN 1x\u0022 media=\u0022(min-width: 48.0625em) and (max-width: 64em)\u0022 type=\u0022image\/webp\u0022 width=\u0022173\u0022 height=\u0022242\u0022\/\u003E\n                  \u003Csource srcset=\u0022\/sites\/default\/files\/styles\/teaser_standard__l\/public\/aurora\/2026\/04\/529689.jpeg.webp?itok=Bxmiv1Fi 1x\u0022 media=\u0022(min-width: 64.0625em)\u0022 type=\u0022image\/webp\u0022 width=\u0022108\u0022 height=\u0022152\u0022\/\u003E\n                  \u003Csource srcset=\u0022\/sites\/default\/files\/styles\/teaser_standard__m\/public\/aurora\/2026\/04\/529689.jpeg?itok=hkZ1f874 1x\u0022 media=\u0022(min-width: 48.0625em) and (max-width: 64em)\u0022 type=\u0022image\/jpeg\u0022 width=\u0022173\u0022 height=\u0022242\u0022\/\u003E\n                  \u003Csource srcset=\u0022\/sites\/default\/files\/styles\/teaser_standard__l\/public\/aurora\/2026\/04\/529689.jpeg?itok=4VT4ZZ26 1x\u0022 media=\u0022(min-width: 64.0625em)\u0022 type=\u0022image\/jpeg\u0022 width=\u0022108\u0022 height=\u0022152\u0022\/\u003E\n                          \u003Cimg alt=\u0022Titelbild der neuen BAUMETALL Rubrik\u0022 loading=\u0022eager\u0022 data-caption-hide width=\u0022284\u0022 height=\u0022398\u0022 data-zoomed=\u0022https:\/\/www.baumetall.de\/sites\/default\/files\/styles\/content__zoomed\/public\/aurora\/2026\/04\/529689.jpeg?itok=_hKjU5v2\u0022 src=\u0022\/sites\/default\/files\/styles\/teaser_standard__s\/public\/aurora\/2026\/04\/529689.jpeg?itok=-FblH-Tn\u0022 title=\u0022\u00a9 BAUMETALL\u0022 \/\u003E\n\n    \u003C\/picture\u003E\n      \u003Cfigcaption class=\u0022image--figcaption\u0022\u003E\n          \u003Cdiv class=\u0022copyright\u0022\u003EBAUMETALL\u003C\/div\u003E\n          \u003C\/figcaption\u003E\n\u003C\/figure\u003E\n\n\n    \u003C\/div\u003E\n    \u003Cdiv class=\u0022teaser-content\u0022\u003E\n                    \u003Cdiv class=\u0022teaser-content--kicker\u0022\u003E\n                    Neu auf Instagram\n        \u003C\/div\u003E\n                                              \n                        \n        \u003Ch4 class=\u0022teaser-content--headline\u0022\u003E\n                                DBBi \u2013 Handwerker-Wissen f\u00fcr die \n                              \u003Cspan class=\u0022headline-last-word-arrow\u0022\u003EHosentasche                      \u003C\/span\u003E\n        \u003C\/h4\u003E\n            \u003Cdiv class=\u0022teaser-content--publishing-date\u0022\u003E\u003Ctime datetime=\u00222026-04-15T19:39:01Z\u0022\u003E15.04.2026\u003C\/time\u003E\n\u003C\/div\u003E\u003Cspan class=\u0022teaser-content--publishing-date-divider\u0022\u003E - \u003C\/span\u003E\u003Cdiv class=\u0022teaser-content--body\u0022\u003E\u003Cp\u003EDas Smartphone ist auf dem Dach mittlerweile fast so wichtig wie der Hammer. Genau hier setzt BAUMETALL an: Mit dem neuen Kurzvideo-Format \u201eDer BAUMETALL Buck informiert\u201c (DBBi) gibt es ab sofort echtes Expertenwissen direkt aufs Display \u2013 kompakt, ehrlich und praxisnah\u003C\/p\u003E\n\u003C\/div\u003E\n                        \u003Cspan class=\u0022read-more-arrow-container\u0022\u003E\n            \u003Cspan class=\u0022read-more-angled-arrow\u0022\u003E \u003C\/span\u003E\n          \u003C\/span\u003E\n                  \u003C\/div\u003E\n    \u003C\/a\u003E\n\u003Ca href=\u0022\/szene\/leser-praesentieren-ihre-arbeiten-schorstein-und-kamin-fotos-gesucht\u0022  class=\u0022teaser teaser--standard\u0022 aria-label=\u0022Schorstein- und Kamin-Fotos gesucht!\u00a0\u0022\u003E\n      \u003Cdiv class=\u0022teaser-content--image\u0022\u003E\n        \u003Cfigure class=\u0022image--figure\u0022\u003E\n        \u003Cpicture\u003E\n                        \u003Csource srcset=\u0022\/sites\/default\/files\/styles\/teaser_standard__m\/public\/aurora\/2026\/04\/528621.jpeg.webp?itok=tEsppfyn 1x\u0022 media=\u0022(min-width: 48.0625em) and (max-width: 64em)\u0022 type=\u0022image\/webp\u0022 width=\u0022323\u0022 height=\u0022242\u0022\/\u003E\n                  \u003Csource srcset=\u0022\/sites\/default\/files\/styles\/teaser_standard__l\/public\/aurora\/2026\/04\/528621.jpeg.webp?itok=AGLQg5RD 1x\u0022 media=\u0022(min-width: 64.0625em)\u0022 type=\u0022image\/webp\u0022 width=\u0022203\u0022 height=\u0022152\u0022\/\u003E\n                  \u003Csource srcset=\u0022\/sites\/default\/files\/styles\/teaser_standard__m\/public\/aurora\/2026\/04\/528621.jpeg?itok=Qm7kYNVL 1x\u0022 media=\u0022(min-width: 48.0625em) and (max-width: 64em)\u0022 type=\u0022image\/jpeg\u0022 width=\u0022323\u0022 height=\u0022242\u0022\/\u003E\n                  \u003Csource srcset=\u0022\/sites\/default\/files\/styles\/teaser_standard__l\/public\/aurora\/2026\/04\/528621.jpeg?itok=Uq4Z-CMd 1x\u0022 media=\u0022(min-width: 64.0625em)\u0022 type=\u0022image\/jpeg\u0022 width=\u0022203\u0022 height=\u0022152\u0022\/\u003E\n                          \u003Cimg alt=\u0022Max\u0026amp;Moritz-Figuren vom Fachbetrieb Gassmann aus Laudenbach\u00a0\u0022 loading=\u0022eager\u0022 data-caption-hide width=\u0022531\u0022 height=\u0022398\u0022 data-zoomed=\u0022https:\/\/www.baumetall.de\/sites\/default\/files\/styles\/content__zoomed\/public\/aurora\/2026\/04\/528621.jpeg?itok=kbKZbWq5\u0022 src=\u0022\/sites\/default\/files\/styles\/teaser_standard__s\/public\/aurora\/2026\/04\/528621.jpeg?itok=XiMZvIAs\u0022 title=\u0022\u00a9 BAUMETALL\u0022 \/\u003E\n\n    \u003C\/picture\u003E\n      \u003Cfigcaption class=\u0022image--figcaption\u0022\u003E\n          \u003Cdiv class=\u0022copyright\u0022\u003EBAUMETALL\u003C\/div\u003E\n          \u003C\/figcaption\u003E\n\u003C\/figure\u003E\n\n\n    \u003C\/div\u003E\n    \u003Cdiv class=\u0022teaser-content\u0022\u003E\n                    \u003Cdiv class=\u0022teaser-content--kicker\u0022\u003E\n                    Leser pr\u00e4sentieren ihre Arbeiten\u0026nbsp;\n        \u003C\/div\u003E\n                                              \n                        \n        \u003Ch4 class=\u0022teaser-content--headline\u0022\u003E\n                                Schorstein- und Kamin-Fotos \n                              \u003Cspan class=\u0022headline-last-word-arrow\u0022\u003Egesucht!\u00a0                      \u003C\/span\u003E\n        \u003C\/h4\u003E\n            \u003Cdiv class=\u0022teaser-content--publishing-date\u0022\u003E\u003Ctime datetime=\u00222026-04-10T08:50:55Z\u0022\u003E10.04.2026\u003C\/time\u003E\n\u003C\/div\u003E\u003Cspan class=\u0022teaser-content--publishing-date-divider\u0022\u003E - \u003C\/span\u003E\u003Cdiv class=\u0022teaser-content--body\u0022\u003E  \u003Cp\u003ESie sind Dachhandwerker und lieben was sie tun? Dann sollten Sie Ihre Arbeit zeigen!\u0026nbsp;\u003C\/p\u003E\n\u003Cp\u003EWenn BAUMETALL aus der Welt der D\u00e4cher und Schornsteine berichtet, sind manchmal sogar Klassiker wie \u201aMax \u0026amp; Moritz\u2018 mit dabei. Zum Beispile dann, wenn die BAUMETALL-Kamera den Fokus auf Kamine im baden...\u003C\/p\u003E\n\n\n\u003C\/div\u003E\n                        \u003Cspan class=\u0022read-more-arrow-container\u0022\u003E\n            \u003Cspan class=\u0022read-more-angled-arrow\u0022\u003E \u003C\/span\u003E\n          \u003C\/span\u003E\n                  \u003C\/div\u003E\n    \u003C\/a\u003E\n\u003Ca href=\u0022\/anzeige\/vergessen-sie-schokohasen-und-bunte-ostereier-ein-kupfer-ei-zu-ostern\u0022  class=\u0022teaser teaser--standard\u0022 aria-label=\u0022Ein Kupfer-Ei zu Ostern\u0022\u003E\n      \u003Cdiv class=\u0022teaser-content--image\u0022\u003E\n        \u003Cfigure class=\u0022image--figure\u0022\u003E\n        \u003Cpicture\u003E\n                        \u003Csource srcset=\u0022\/sites\/default\/files\/styles\/teaser_standard__m\/public\/aurora\/2026\/04\/527415.jpeg.webp?itok=8DthED5f 1x\u0022 media=\u0022(min-width: 48.0625em) and (max-width: 64em)\u0022 type=\u0022image\/webp\u0022 width=\u0022278\u0022 height=\u0022242\u0022\/\u003E\n                  \u003Csource srcset=\u0022\/sites\/default\/files\/styles\/teaser_standard__l\/public\/aurora\/2026\/04\/527415.jpeg.webp?itok=e8VDfLPR 1x\u0022 media=\u0022(min-width: 64.0625em)\u0022 type=\u0022image\/webp\u0022 width=\u0022174\u0022 height=\u0022152\u0022\/\u003E\n                  \u003Csource srcset=\u0022\/sites\/default\/files\/styles\/teaser_standard__m\/public\/aurora\/2026\/04\/527415.jpeg?itok=EjJbA2s- 1x\u0022 media=\u0022(min-width: 48.0625em) and (max-width: 64em)\u0022 type=\u0022image\/jpeg\u0022 width=\u0022278\u0022 height=\u0022242\u0022\/\u003E\n                  \u003Csource srcset=\u0022\/sites\/default\/files\/styles\/teaser_standard__l\/public\/aurora\/2026\/04\/527415.jpeg?itok=NbZWkinJ 1x\u0022 media=\u0022(min-width: 64.0625em)\u0022 type=\u0022image\/jpeg\u0022 width=\u0022174\u0022 height=\u0022152\u0022\/\u003E\n                          \u003Cimg loading=\u0022eager\u0022 data-caption-hide width=\u0022457\u0022 height=\u0022398\u0022 data-zoomed=\u0022https:\/\/www.baumetall.de\/sites\/default\/files\/styles\/content__zoomed\/public\/aurora\/2026\/04\/527415.jpeg?itok=bO8jLafu\u0022 src=\u0022\/sites\/default\/files\/styles\/teaser_standard__s\/public\/aurora\/2026\/04\/527415.jpeg?itok=lVroDFW5\u0022 title=\u0022\u00a9 Knoppan \/ BAUMETALL\u0022 \/\u003E\n\n    \u003C\/picture\u003E\n      \u003Cfigcaption class=\u0022image--figcaption\u0022\u003E\n          \u003Cdiv class=\u0022copyright\u0022\u003EKnoppan \/ BAUMETALL\u003C\/div\u003E\n          \u003C\/figcaption\u003E\n\u003C\/figure\u003E\n\n\n    \u003C\/div\u003E\n    \u003Cdiv class=\u0022teaser-content\u0022\u003E\n                    \u003Cdiv class=\u0022teaser-content--kicker\u0022\u003E\n                    Vergessen Sie Schokohasen und bunte Ostereier! \n        \u003C\/div\u003E\n                                              \n                        \n        \u003Ch4 class=\u0022teaser-content--headline\u0022\u003E\n                                Ein Kupfer-Ei zu \n                              \u003Cspan class=\u0022headline-last-word-arrow\u0022\u003EOstern                      \u003C\/span\u003E\n        \u003C\/h4\u003E\n            \u003Cdiv class=\u0022teaser-content--publishing-date\u0022\u003E\u003Ctime datetime=\u00222026-04-02T12:35:13Z\u0022\u003E02.04.2026\u003C\/time\u003E\n\u003C\/div\u003E\u003Cspan class=\u0022teaser-content--publishing-date-divider\u0022\u003E - \u003C\/span\u003E\u003Cdiv class=\u0022teaser-content--body\u0022\u003E  \u003Cp\u003EBAUMETALL-Leser Michael Knoppan zeigt uns, wie das Fest bei echten Profis aussieht. In seinem handgeflochtenen Weidennest liegt das, was Handwerkerherzen wirklich h\u00f6herschlagen l\u00e4sst: ein perfekt auf der Dr\u00fcckbank geformtes Kupfer-Ei und ein filigraner Zinkschmetterling mit Messingf\u00fchlern. Als Deko...\u003C\/p\u003E\n\n\n\u003C\/div\u003E\n                        \u003Cspan class=\u0022read-more-arrow-container\u0022\u003E\n            \u003Cspan class=\u0022read-more-angled-arrow\u0022\u003E \u003C\/span\u003E\n          \u003C\/span\u003E\n                  \u003C\/div\u003E\n    \u003C\/a\u003E\n\u003Ca href=\u0022\/technik\/spengler-raumschiffe-sicher-gelandet-galaktisches-workshopfinale-ulm\u0022  class=\u0022teaser teaser--standard\u0022 aria-label=\u0022Galaktisches Workshopfinale in Ulm\u0022\u003E\n      \u003Cdiv class=\u0022teaser-content--image\u0022\u003E\n        \u003Cfigure class=\u0022image--figure\u0022\u003E\n        \u003Cpicture\u003E\n                        \u003Csource srcset=\u0022\/sites\/default\/files\/styles\/teaser_standard__m\/public\/aurora\/2025\/12\/527459.jpeg.webp?itok=GBlzHf5Y 1x\u0022 media=\u0022(min-width: 48.0625em) and (max-width: 64em)\u0022 type=\u0022image\/webp\u0022 width=\u0022323\u0022 height=\u0022215\u0022\/\u003E\n                  \u003Csource srcset=\u0022\/sites\/default\/files\/styles\/teaser_standard__l\/public\/aurora\/2025\/12\/527459.jpeg.webp?itok=TXTv4ftE 1x\u0022 media=\u0022(min-width: 64.0625em)\u0022 type=\u0022image\/webp\u0022 width=\u0022203\u0022 height=\u0022135\u0022\/\u003E\n                  \u003Csource srcset=\u0022\/sites\/default\/files\/styles\/teaser_standard__m\/public\/aurora\/2025\/12\/527459.jpeg?itok=s0amqWOu 1x\u0022 media=\u0022(min-width: 48.0625em) and (max-width: 64em)\u0022 type=\u0022image\/jpeg\u0022 width=\u0022323\u0022 height=\u0022215\u0022\/\u003E\n                  \u003Csource srcset=\u0022\/sites\/default\/files\/styles\/teaser_standard__l\/public\/aurora\/2025\/12\/527459.jpeg?itok=GYv5NUbm 1x\u0022 media=\u0022(min-width: 64.0625em)\u0022 type=\u0022image\/jpeg\u0022 width=\u0022203\u0022 height=\u0022135\u0022\/\u003E\n                          \u003Cimg alt=\u0022Gl\u00fcckliche Teilnehmer und die beiden Trainer des  BAUMETALL-Workshops \u0026quot;Raumschiffe l\u00f6ten\u0026quot;\u0022 loading=\u0022eager\u0022 data-caption-hide width=\u0022597\u0022 height=\u0022398\u0022 data-zoomed=\u0022https:\/\/www.baumetall.de\/sites\/default\/files\/styles\/content__zoomed\/public\/aurora\/2025\/12\/527459.jpeg?itok=P_fKwmBx\u0022 src=\u0022\/sites\/default\/files\/styles\/teaser_standard__s\/public\/aurora\/2025\/12\/527459.jpeg?itok=xjj7Q31t\u0022 title=\u0022\u00a9 BAUMETALL\u0022 \/\u003E\n\n    \u003C\/picture\u003E\n      \u003Cfigcaption class=\u0022image--figcaption\u0022\u003E\n          \u003Cdiv class=\u0022copyright\u0022\u003EBAUMETALL\u003C\/div\u003E\n          \u003C\/figcaption\u003E\n\u003C\/figure\u003E\n\n\n    \u003C\/div\u003E\n    \u003Cdiv class=\u0022teaser-content\u0022\u003E\n                    \u003Cdiv class=\u0022teaser-content--kicker\u0022\u003E\n                    Spengler-Raumschiffe sicher gelandet!\n        \u003C\/div\u003E\n                                              \n                        \n        \u003Ch4 class=\u0022teaser-content--headline\u0022\u003E\n                                Galaktisches Workshopfinale in \n                              \u003Cspan class=\u0022headline-last-word-arrow\u0022\u003EUlm                      \u003C\/span\u003E\n        \u003C\/h4\u003E\n            \u003Cdiv class=\u0022teaser-content--publishing-date\u0022\u003E\u003Ctime datetime=\u00222026-03-31T12:21:13Z\u0022\u003E31.03.2026\u003C\/time\u003E\n\u003C\/div\u003E\u003Cspan class=\u0022teaser-content--publishing-date-divider\u0022\u003E - \u003C\/span\u003E\u003Cdiv class=\u0022teaser-content--body\u0022\u003E\u003Cp\u003EEs ist vollbracht! Im Rahmen des BAUMETALL-Workshops bei Kaufmann in Ulm ist es gelungen, die \u00fcber 100 Jahre alte Kunst der Ornamentenherstellung mit der Pr\u00e4zision hochmoderner Laserzuschnitte zu kombinieren. Das Tollk\u00fchne dabei war der Anspruch an das Spenglerhandwerk selbst bzw. die Beweisf\u00fchrung, mit \u00fcberliefertem Fachwissen und der n\u00f6tigen Fingerfertigkeit eine Br\u00fccke aus der Vergangenheit in die digitale Fertigung zu schlagen.\u0026nbsp;Tats\u00e4chlich haben es alle Workshop-Teilnehmer in nur zwei Tagen geschafft, jeweils 83 Einzelkomponenten zu einer Struktur zu f\u00fcgen, die am Ende dem legend\u00e4ren TV- und Kinoraumschiff Enterprise zum Verwechseln \u00e4hnlichsieht\u2026\u003C\/p\u003E\n\u003C\/div\u003E\n                        \u003Cspan class=\u0022read-more-arrow-container\u0022\u003E\n            \u003Cspan class=\u0022read-more-angled-arrow\u0022\u003E \u003C\/span\u003E\n          \u003C\/span\u003E\n                  \u003C\/div\u003E\n    \u003C\/a\u003E\n\u003Ca href=\u0022\/technik\/seitenblick-hochwasserschutz-aus-aluminium\u0022  class=\u0022teaser teaser--standard\u0022 aria-label=\u0022Hochwasserschutz aus Aluminium\u0022\u003E\n      \u003Cdiv class=\u0022teaser-content--image\u0022\u003E\n        \u003Cfigure class=\u0022image--figure\u0022\u003E\n        \u003Cpicture\u003E\n                        \u003Csource srcset=\u0022\/sites\/default\/files\/styles\/teaser_standard__m\/public\/aurora\/2026\/03\/524903.jpeg.webp?itok=bnYMlBmv 1x\u0022 media=\u0022(min-width: 48.0625em) and (max-width: 64em)\u0022 type=\u0022image\/webp\u0022 width=\u0022323\u0022 height=\u0022182\u0022\/\u003E\n                  \u003Csource srcset=\u0022\/sites\/default\/files\/styles\/teaser_standard__l\/public\/aurora\/2026\/03\/524903.jpeg.webp?itok=t2N8IZKf 1x\u0022 media=\u0022(min-width: 64.0625em)\u0022 type=\u0022image\/webp\u0022 width=\u0022203\u0022 height=\u0022114\u0022\/\u003E\n                  \u003Csource srcset=\u0022\/sites\/default\/files\/styles\/teaser_standard__m\/public\/aurora\/2026\/03\/524903.jpeg?itok=C6mGpcEm 1x\u0022 media=\u0022(min-width: 48.0625em) and (max-width: 64em)\u0022 type=\u0022image\/jpeg\u0022 width=\u0022323\u0022 height=\u0022182\u0022\/\u003E\n                  \u003Csource srcset=\u0022\/sites\/default\/files\/styles\/teaser_standard__l\/public\/aurora\/2026\/03\/524903.jpeg?itok=URu1OMXT 1x\u0022 media=\u0022(min-width: 64.0625em)\u0022 type=\u0022image\/jpeg\u0022 width=\u0022203\u0022 height=\u0022114\u0022\/\u003E\n                          \u003Cimg alt=\u0022Hochwasserschutz an einer Hofeinfahrt\u0022 loading=\u0022eager\u0022 data-caption-hide width=\u0022708\u0022 height=\u0022398\u0022 data-zoomed=\u0022https:\/\/www.baumetall.de\/sites\/default\/files\/styles\/content__zoomed\/public\/aurora\/2026\/03\/524903.jpeg?itok=djrawHJe\u0022 src=\u0022\/sites\/default\/files\/styles\/teaser_standard__s\/public\/aurora\/2026\/03\/524903.jpeg?itok=cqm-f6pS\u0022 title=\u0022\u00a9 Prefa \/ Croce \u0026amp; Wir\u0022 \/\u003E\n\n    \u003C\/picture\u003E\n      \u003Cfigcaption class=\u0022image--figcaption\u0022\u003E\n          \u003Cdiv class=\u0022copyright\u0022\u003EPrefa \/ Croce \u0026 Wir\u003C\/div\u003E\n          \u003C\/figcaption\u003E\n\u003C\/figure\u003E\n\n\n    \u003C\/div\u003E\n    \u003Cdiv class=\u0022teaser-content\u0022\u003E\n                    \u003Cdiv class=\u0022teaser-content--kicker\u0022\u003E\n                    Seitenblick\n        \u003C\/div\u003E\n                                              \n                        \n        \u003Ch4 class=\u0022teaser-content--headline\u0022\u003E\n                                Hochwasserschutz aus \n                              \u003Cspan class=\u0022headline-last-word-arrow\u0022\u003EAluminium                      \u003C\/span\u003E\n        \u003C\/h4\u003E\n            \u003Cdiv class=\u0022teaser-content--publishing-date\u0022\u003E\u003Ctime datetime=\u00222026-03-24T14:26:57Z\u0022\u003E24.03.2026\u003C\/time\u003E\n\u003C\/div\u003E\u003Cspan class=\u0022teaser-content--publishing-date-divider\u0022\u003E - \u003C\/span\u003E\u003Cdiv class=\u0022teaser-content--body\u0022\u003E\u003Cp\u003EVorausschauende Planung: Schutz vor Starkregen und Hochwasser als integraler Bestandteil der Architektur\u003C\/p\u003E\n\u003C\/div\u003E\n                        \u003Cspan class=\u0022read-more-arrow-container\u0022\u003E\n            \u003Cspan class=\u0022read-more-angled-arrow\u0022\u003E \u003C\/span\u003E\n          \u003C\/span\u003E\n                  \u003C\/div\u003E\n    \u003C\/a\u003E\n\u003Ca href=\u0022\/anzeige\/schaetzen-war-gestern-das-smartphone-wird-zum-digitalen-massband\u0022  class=\u0022teaser teaser--standard\u0022 aria-label=\u0022Das Smartphone wird zum digitalen Ma\u00dfband\u0022\u003E\n      \u003Cdiv class=\u0022teaser-content--image\u0022\u003E\n        \u003Cfigure class=\u0022image--figure\u0022\u003E\n        \u003Cpicture\u003E\n                        \u003Csource srcset=\u0022\/sites\/default\/files\/styles\/teaser_standard__m\/public\/aurora\/2026\/03\/523336.jpeg.webp?itok=8p_aXQjS 1x\u0022 media=\u0022(min-width: 48.0625em) and (max-width: 64em)\u0022 type=\u0022image\/webp\u0022 width=\u0022323\u0022 height=\u0022182\u0022\/\u003E\n                  \u003Csource srcset=\u0022\/sites\/default\/files\/styles\/teaser_standard__l\/public\/aurora\/2026\/03\/523336.jpeg.webp?itok=qE4W4kDV 1x\u0022 media=\u0022(min-width: 64.0625em)\u0022 type=\u0022image\/webp\u0022 width=\u0022203\u0022 height=\u0022114\u0022\/\u003E\n                  \u003Csource srcset=\u0022\/sites\/default\/files\/styles\/teaser_standard__m\/public\/aurora\/2026\/03\/523336.jpeg?itok=bBJOKd3N 1x\u0022 media=\u0022(min-width: 48.0625em) and (max-width: 64em)\u0022 type=\u0022image\/jpeg\u0022 width=\u0022323\u0022 height=\u0022182\u0022\/\u003E\n                  \u003Csource srcset=\u0022\/sites\/default\/files\/styles\/teaser_standard__l\/public\/aurora\/2026\/03\/523336.jpeg?itok=7Wv_wQB2 1x\u0022 media=\u0022(min-width: 64.0625em)\u0022 type=\u0022image\/jpeg\u0022 width=\u0022203\u0022 height=\u0022114\u0022\/\u003E\n                          \u003Cimg loading=\u0022eager\u0022 data-caption-hide width=\u0022708\u0022 height=\u0022398\u0022 data-zoomed=\u0022https:\/\/www.baumetall.de\/sites\/default\/files\/styles\/content__zoomed\/public\/aurora\/2026\/03\/523336.jpeg?itok=QphZR56w\u0022 src=\u0022\/sites\/default\/files\/styles\/teaser_standard__s\/public\/aurora\/2026\/03\/523336.jpeg?itok=G4rXhi_h\u0022 title=\u0022Ein Mann nutzt ein Smartphone, um ein Haus zu vermessen; andere arbeiten mit digitalen Messger\u00e4ten und 3D-Modellen. - \u00a9 BAUMETALL \/ Gemini \/ strichfiguren.de - stock.adobe.com\u0022 \/\u003E\n\n    \u003C\/picture\u003E\n      \u003Cfigcaption class=\u0022image--figcaption\u0022\u003E\n          \u003Cdiv class=\u0022copyright\u0022\u003EBAUMETALL \/ Gemini \/ strichfiguren.de - stock.adobe.com\u003C\/div\u003E\n          \u003C\/figcaption\u003E\n\u003C\/figure\u003E\n\n\n    \u003C\/div\u003E\n    \u003Cdiv class=\u0022teaser-content\u0022\u003E\n                    \u003Cdiv class=\u0022teaser-content--kicker\u0022\u003E\n                    Sch\u00e4tzen war gestern\n        \u003C\/div\u003E\n                                              \n                        \n        \u003Ch4 class=\u0022teaser-content--headline\u0022\u003E\n                                Das Smartphone wird zum digitalen \n                              \u003Cspan class=\u0022headline-last-word-arrow\u0022\u003EMa\u00dfband                      \u003C\/span\u003E\n        \u003C\/h4\u003E\n            \u003Cdiv class=\u0022teaser-content--publishing-date\u0022\u003E\u003Ctime datetime=\u00222026-03-19T10:08:50Z\u0022\u003E19.03.2026\u003C\/time\u003E\n\u003C\/div\u003E\u003Cspan class=\u0022teaser-content--publishing-date-divider\u0022\u003E - \u003C\/span\u003E\u003Cdiv class=\u0022teaser-content--body\u0022\u003E\u003Cp\u003EKennen Sie das auch? Mal eben schnell die Ma\u00dfe f\u00fcr eine Gaubenwange auf einem Brett oder einem St\u00fcck Karton notiert, abends in die Arbeitsanweisung \u00fcbertragen und dann in die Maschinensteuerung eintippen. Doch im Hinterkopf nagt die Frage: Passt die Scharenbreite wirklich? Ist jede Kantung ber\u00fccksichtigt? Und k\u00f6nnen die Kollegen in der Werkstatt meine Handschrift auf dem Karton \u00fcberhaupt entziffern?\u003C\/p\u003E\n\u003C\/div\u003E\n                        \u003Cspan class=\u0022read-more-arrow-container\u0022\u003E\n            \u003Cspan class=\u0022read-more-angled-arrow\u0022\u003E \u003C\/span\u003E\n          \u003C\/span\u003E\n                  \u003C\/div\u003E\n    \u003C\/a\u003E\n\u003Ca href=\u0022\/szene\/klempnertreff-2026-digitalisierung-im-klempnerhandwerk\u0022  class=\u0022teaser teaser--standard\u0022 aria-label=\u0022Digitalisierung im Klempnerhandwerk\u0022\u003E\n      \u003Cdiv class=\u0022teaser-content--image\u0022\u003E\n        \u003Cfigure class=\u0022image--figure\u0022\u003E\n        \u003Cpicture\u003E\n                        \u003Csource srcset=\u0022\/sites\/default\/files\/styles\/teaser_standard__m\/public\/aurora\/2026\/03\/523050.jpeg.webp?itok=4WEFgbPM 1x\u0022 media=\u0022(min-width: 48.0625em) and (max-width: 64em)\u0022 type=\u0022image\/webp\u0022 width=\u0022242\u0022 height=\u0022242\u0022\/\u003E\n                  \u003Csource srcset=\u0022\/sites\/default\/files\/styles\/teaser_standard__l\/public\/aurora\/2026\/03\/523050.jpeg.webp?itok=fVOD7eFf 1x\u0022 media=\u0022(min-width: 64.0625em)\u0022 type=\u0022image\/webp\u0022 width=\u0022152\u0022 height=\u0022152\u0022\/\u003E\n                  \u003Csource srcset=\u0022\/sites\/default\/files\/styles\/teaser_standard__m\/public\/aurora\/2026\/03\/523050.jpeg?itok=xAXCyz38 1x\u0022 media=\u0022(min-width: 48.0625em) and (max-width: 64em)\u0022 type=\u0022image\/jpeg\u0022 width=\u0022242\u0022 height=\u0022242\u0022\/\u003E\n                  \u003Csource srcset=\u0022\/sites\/default\/files\/styles\/teaser_standard__l\/public\/aurora\/2026\/03\/523050.jpeg?itok=Fj3Ojquh 1x\u0022 media=\u0022(min-width: 64.0625em)\u0022 type=\u0022image\/jpeg\u0022 width=\u0022152\u0022 height=\u0022152\u0022\/\u003E\n                          \u003Cimg alt=\u0022Podiumsdiskussion\u0022 loading=\u0022eager\u0022 data-caption-hide width=\u0022398\u0022 height=\u0022398\u0022 data-zoomed=\u0022https:\/\/www.baumetall.de\/sites\/default\/files\/styles\/content__zoomed\/public\/aurora\/2026\/03\/523050.jpeg?itok=YIPNxtBs\u0022 src=\u0022\/sites\/default\/files\/styles\/teaser_standard__s\/public\/aurora\/2026\/03\/523050.jpeg?itok=GMY8JcAG\u0022 title=\u0022\u00a9 Klaus Walter\u0022 \/\u003E\n\n    \u003C\/picture\u003E\n      \u003Cfigcaption class=\u0022image--figcaption\u0022\u003E\n          \u003Cdiv class=\u0022copyright\u0022\u003EKlaus Walter\u003C\/div\u003E\n          \u003C\/figcaption\u003E\n\u003C\/figure\u003E\n\n\n    \u003C\/div\u003E\n    \u003Cdiv class=\u0022teaser-content\u0022\u003E\n                    \u003Cdiv class=\u0022teaser-content--kicker\u0022\u003E\n                    Klempnertreff 2026\n        \u003C\/div\u003E\n                                              \n                        \n        \u003Ch4 class=\u0022teaser-content--headline\u0022\u003E\n                                Digitalisierung im \n                              \u003Cspan class=\u0022headline-last-word-arrow\u0022\u003EKlempnerhandwerk                      \u003C\/span\u003E\n        \u003C\/h4\u003E\n            \u003Cdiv class=\u0022teaser-content--publishing-date\u0022\u003E\u003Ctime datetime=\u00222026-03-18T14:12:59Z\u0022\u003E18.03.2026\u003C\/time\u003E\n\u003C\/div\u003E\u003Cspan class=\u0022teaser-content--publishing-date-divider\u0022\u003E - \u003C\/span\u003E\u003Cdiv class=\u0022teaser-content--body\u0022\u003E\u003Cp\u003EVon der \u201eSonntags-Falle\u201c zur Punktwolke: Wie das Klempnerhandwerk digitale Systeme nutzt und welche M\u00f6glichkeiten es zu entdecken gilt\u0026nbsp;\u003C\/p\u003E\n\u003C\/div\u003E\n                        \u003Cspan class=\u0022read-more-arrow-container\u0022\u003E\n            \u003Cspan class=\u0022read-more-angled-arrow\u0022\u003E \u003C\/span\u003E\n          \u003C\/span\u003E\n                  \u003C\/div\u003E\n    \u003C\/a\u003E\n\u003Ca href=\u0022\/szene\/spenglertag-bern-volltreffer-fuer-die-naechste-generation\u0022  class=\u0022teaser teaser--standard\u0022 aria-label=\u0022Volltreffer f\u00fcr die n\u00e4chste Generation\u0022\u003E\n      \u003Cdiv class=\u0022teaser-content--image\u0022\u003E\n        \u003Cfigure class=\u0022image--figure\u0022\u003E\n        \u003Cpicture\u003E\n                        \u003Csource srcset=\u0022\/sites\/default\/files\/styles\/teaser_standard__m\/public\/aurora\/2026\/03\/521593.jpeg.webp?itok=LnQ3iD5s 1x\u0022 media=\u0022(min-width: 48.0625em) and (max-width: 64em)\u0022 type=\u0022image\/webp\u0022 width=\u0022323\u0022 height=\u0022215\u0022\/\u003E\n                  \u003Csource srcset=\u0022\/sites\/default\/files\/styles\/teaser_standard__l\/public\/aurora\/2026\/03\/521593.jpeg.webp?itok=RXcBS6ZL 1x\u0022 media=\u0022(min-width: 64.0625em)\u0022 type=\u0022image\/webp\u0022 width=\u0022203\u0022 height=\u0022135\u0022\/\u003E\n                  \u003Csource srcset=\u0022\/sites\/default\/files\/styles\/teaser_standard__m\/public\/aurora\/2026\/03\/521593.jpeg?itok=n0nowHYa 1x\u0022 media=\u0022(min-width: 48.0625em) and (max-width: 64em)\u0022 type=\u0022image\/jpeg\u0022 width=\u0022323\u0022 height=\u0022215\u0022\/\u003E\n                  \u003Csource srcset=\u0022\/sites\/default\/files\/styles\/teaser_standard__l\/public\/aurora\/2026\/03\/521593.jpeg?itok=7u02GZSy 1x\u0022 media=\u0022(min-width: 64.0625em)\u0022 type=\u0022image\/jpeg\u0022 width=\u0022203\u0022 height=\u0022135\u0022\/\u003E\n                          \u003Cimg alt=\u0022Interessierte Teilnehmer verfolgten das Geschehen im Berner Kursaal\u0022 loading=\u0022eager\u0022 data-caption-hide width=\u0022597\u0022 height=\u0022398\u0022 data-zoomed=\u0022https:\/\/www.baumetall.de\/sites\/default\/files\/styles\/content__zoomed\/public\/aurora\/2026\/03\/521593.jpeg?itok=SAuc_M05\u0022 src=\u0022\/sites\/default\/files\/styles\/teaser_standard__s\/public\/aurora\/2026\/03\/521593.jpeg?itok=liRKxvXd\u0022 title=\u0022\u00a9 BAUMETALL\u0022 \/\u003E\n\n    \u003C\/picture\u003E\n      \u003Cfigcaption class=\u0022image--figcaption\u0022\u003E\n          \u003Cdiv class=\u0022copyright\u0022\u003EBAUMETALL\u003C\/div\u003E\n          \u003C\/figcaption\u003E\n\u003C\/figure\u003E\n\n\n    \u003C\/div\u003E\n    \u003Cdiv class=\u0022teaser-content\u0022\u003E\n                    \u003Cdiv class=\u0022teaser-content--kicker\u0022\u003E\n                     Spenglertag in Bern\n        \u003C\/div\u003E\n                                              \n                        \n        \u003Ch4 class=\u0022teaser-content--headline\u0022\u003E\n                                Volltreffer f\u00fcr die n\u00e4chste \n                              \u003Cspan class=\u0022headline-last-word-arrow\u0022\u003EGeneration                      \u003C\/span\u003E\n        \u003C\/h4\u003E\n            \u003Cdiv class=\u0022teaser-content--publishing-date\u0022\u003E\u003Ctime datetime=\u00222026-03-13T11:25:04Z\u0022\u003E13.03.2026\u003C\/time\u003E\n\u003C\/div\u003E\u003Cspan class=\u0022teaser-content--publishing-date-divider\u0022\u003E - \u003C\/span\u003E\u003Cdiv class=\u0022teaser-content--body\u0022\u003E  \u003Cp\u003E Spenglerhandwerk hautnah: Im prall gef\u00fcllten Kursaal von Bern erlebte die Branche am vergangenen Mittwoch einen Tag, der Ma\u00dfst\u00e4be setzte. Von wissenschaftlichen Einblicken in die Klimaver\u00e4nderungen und praxisnahen Hageltests bis hin zu einer beeindruckenden architektonischen Tour durch das Paul...\u003C\/p\u003E\n\n\n\u003C\/div\u003E\n                        \u003Cspan class=\u0022read-more-arrow-container\u0022\u003E\n            \u003Cspan class=\u0022read-more-angled-arrow\u0022\u003E \u003C\/span\u003E\n          \u003C\/span\u003E\n                  \u003C\/div\u003E\n    \u003C\/a\u003E\n\u003Ca href=\u0022\/szene\/start-frei-5-enke-impuls-camp-am-nuerburgring\u0022  class=\u0022teaser teaser--standard\u0022 aria-label=\u00225. Enke Impuls-Camp am N\u00fcrburgring\u0022\u003E\n      \u003Cdiv class=\u0022teaser-content--image\u0022\u003E\n        \u003Cfigure class=\u0022image--figure\u0022\u003E\n        \u003Cpicture\u003E\n                        \u003Csource srcset=\u0022\/sites\/default\/files\/styles\/teaser_standard__m\/public\/aurora\/2026\/03\/519968.jpeg.webp?itok=UGCVFDrl 1x\u0022 media=\u0022(min-width: 48.0625em) and (max-width: 64em)\u0022 type=\u0022image\/webp\u0022 width=\u0022214\u0022 height=\u0022242\u0022\/\u003E\n                  \u003Csource srcset=\u0022\/sites\/default\/files\/styles\/teaser_standard__l\/public\/aurora\/2026\/03\/519968.jpeg.webp?itok=WHzw2tsg 1x\u0022 media=\u0022(min-width: 64.0625em)\u0022 type=\u0022image\/webp\u0022 width=\u0022135\u0022 height=\u0022152\u0022\/\u003E\n                  \u003Csource srcset=\u0022\/sites\/default\/files\/styles\/teaser_standard__m\/public\/aurora\/2026\/03\/519968.jpeg?itok=pBYlL1cu 1x\u0022 media=\u0022(min-width: 48.0625em) and (max-width: 64em)\u0022 type=\u0022image\/jpeg\u0022 width=\u0022214\u0022 height=\u0022242\u0022\/\u003E\n                  \u003Csource srcset=\u0022\/sites\/default\/files\/styles\/teaser_standard__l\/public\/aurora\/2026\/03\/519968.jpeg?itok=2Ut6q5MM 1x\u0022 media=\u0022(min-width: 64.0625em)\u0022 type=\u0022image\/jpeg\u0022 width=\u0022135\u0022 height=\u0022152\u0022\/\u003E\n                          \u003Cimg loading=\u0022eager\u0022 data-caption-hide width=\u0022353\u0022 height=\u0022398\u0022 data-zoomed=\u0022https:\/\/www.baumetall.de\/sites\/default\/files\/styles\/content__zoomed\/public\/aurora\/2026\/03\/519968.jpeg?itok=eqbQeFkY\u0022 src=\u0022\/sites\/default\/files\/styles\/teaser_standard__s\/public\/aurora\/2026\/03\/519968.jpeg?itok=dm83aIKd\u0022 title=\u0022Roter Rennwagen mit \u0026quot;Enke\u0026quot;-Logo auf der Strecke, Veranstaltungshinweis und \u0026quot;Vollgas f\u00fcr deine Zukunft\u0026quot;-Text dar\u00fcber. - \u00a9 Enke-Werk\u0022 \/\u003E\n\n    \u003C\/picture\u003E\n      \u003Cfigcaption class=\u0022image--figcaption\u0022\u003E\n          \u003Cdiv class=\u0022copyright\u0022\u003EEnke-Werk\u003C\/div\u003E\n          \u003C\/figcaption\u003E\n\u003C\/figure\u003E\n\n\n    \u003C\/div\u003E\n    \u003Cdiv class=\u0022teaser-content\u0022\u003E\n                    \u003Cdiv class=\u0022teaser-content--kicker\u0022\u003E\n                    Start frei \n        \u003C\/div\u003E\n                                              \n                        \n        \u003Ch4 class=\u0022teaser-content--headline\u0022\u003E\n                                5. Enke Impuls-Camp am \n                              \u003Cspan class=\u0022headline-last-word-arrow\u0022\u003EN\u00fcrburgring                      \u003C\/span\u003E\n        \u003C\/h4\u003E\n            \u003Cdiv class=\u0022teaser-content--publishing-date\u0022\u003E\u003Ctime datetime=\u00222026-03-06T09:39:11Z\u0022\u003E06.03.2026\u003C\/time\u003E\n\u003C\/div\u003E\u003Cspan class=\u0022teaser-content--publishing-date-divider\u0022\u003E - \u003C\/span\u003E\u003Cdiv class=\u0022teaser-content--body\u0022\u003E  \u003Cp\u003ENach dem grandiosen Erfolg des vergangenen Jahres steht fest: Der Asphalt brennt wieder! Aufgrund der \u00fcberw\u00e4ltigenden Resonanz l\u00e4dt das Enke-Team erneut zum legend\u00e4ren N\u00fcrburgring ein \u2013 und ihr k\u00f6nnt dabei sein, wenn das Impuls-Camp in die f\u00fcnfte Runde geht.\u003C\/p\u003E\n\u003Cp\u003EErlebt das \u201eBranchen- und Racing-Event des...\u003C\/p\u003E\n\n\n\u003C\/div\u003E\n                        \u003Cspan class=\u0022read-more-arrow-container\u0022\u003E\n            \u003Cspan class=\u0022read-more-angled-arrow\u0022\u003E \u003C\/span\u003E\n          \u003C\/span\u003E\n                  \u003C\/div\u003E\n    \u003C\/a\u003E\n\u003Ca href=\u0022\/szene\/dachholz-international-2026-menschen-menschen-und-ein-krokodil\u0022  class=\u0022teaser teaser--standard\u0022 aria-label=\u0022Menschen, Menschen und ein Krokodil\u0022\u003E\n      \u003Cdiv class=\u0022teaser-content--image\u0022\u003E\n        \u003Cfigure class=\u0022image--figure\u0022\u003E\n        \u003Cpicture\u003E\n                        \u003Csource srcset=\u0022\/sites\/default\/files\/styles\/teaser_standard__m\/public\/aurora\/2026\/03\/519069.jpeg.webp?itok=84YSGANZ 1x\u0022 media=\u0022(min-width: 48.0625em) and (max-width: 64em)\u0022 type=\u0022image\/webp\u0022 width=\u0022242\u0022 height=\u0022242\u0022\/\u003E\n                  \u003Csource srcset=\u0022\/sites\/default\/files\/styles\/teaser_standard__l\/public\/aurora\/2026\/03\/519069.jpeg.webp?itok=rIik3t4E 1x\u0022 media=\u0022(min-width: 64.0625em)\u0022 type=\u0022image\/webp\u0022 width=\u0022152\u0022 height=\u0022152\u0022\/\u003E\n                  \u003Csource srcset=\u0022\/sites\/default\/files\/styles\/teaser_standard__m\/public\/aurora\/2026\/03\/519069.jpeg?itok=-HcqlFzt 1x\u0022 media=\u0022(min-width: 48.0625em) and (max-width: 64em)\u0022 type=\u0022image\/jpeg\u0022 width=\u0022242\u0022 height=\u0022242\u0022\/\u003E\n                  \u003Csource srcset=\u0022\/sites\/default\/files\/styles\/teaser_standard__l\/public\/aurora\/2026\/03\/519069.jpeg?itok=EWUpXCd8 1x\u0022 media=\u0022(min-width: 64.0625em)\u0022 type=\u0022image\/jpeg\u0022 width=\u0022152\u0022 height=\u0022152\u0022\/\u003E\n                          \u003Cimg loading=\u0022eager\u0022 data-caption-hide width=\u0022398\u0022 height=\u0022398\u0022 data-zoomed=\u0022https:\/\/www.baumetall.de\/sites\/default\/files\/styles\/content__zoomed\/public\/aurora\/2026\/03\/519069.jpeg?itok=0ygq4ZTI\u0022 src=\u0022\/sites\/default\/files\/styles\/teaser_standard__s\/public\/aurora\/2026\/03\/519069.jpeg?itok=W3JoyLJ2\u0022 title=\u0022Collage von Menschen an einem Sci-Fi-Themenstand, einige mit Modellraumschiffen, mit einem gr\u00fcnen Alien-Pl\u00fcschtier. - \u00a9 BAUMETALL\u0022 \/\u003E\n\n    \u003C\/picture\u003E\n      \u003Cfigcaption class=\u0022image--figcaption\u0022\u003E\n          \u003Cdiv class=\u0022copyright\u0022\u003EBAUMETALL\u003C\/div\u003E\n          \u003C\/figcaption\u003E\n\u003C\/figure\u003E\n\n\n    \u003C\/div\u003E\n    \u003Cdiv class=\u0022teaser-content\u0022\u003E\n                    \u003Cdiv class=\u0022teaser-content--kicker\u0022\u003E\n                    Dach+Holz International 2026\n        \u003C\/div\u003E\n                                              \n                        \n        \u003Ch4 class=\u0022teaser-content--headline\u0022\u003E\n                                Menschen, Menschen und ein \n                              \u003Cspan class=\u0022headline-last-word-arrow\u0022\u003EKrokodil                      \u003C\/span\u003E\n        \u003C\/h4\u003E\n            \u003Cdiv class=\u0022teaser-content--publishing-date\u0022\u003E\u003Ctime datetime=\u00222026-03-03T19:07:22Z\u0022\u003E03.03.2026\u003C\/time\u003E\n\u003C\/div\u003E\u003Cspan class=\u0022teaser-content--publishing-date-divider\u0022\u003E - \u003C\/span\u003E\u003Cdiv class=\u0022teaser-content--body\u0022\u003E\u003Cp\u003EDas Who-is-Who der Branche im Fokus:\u0026nbsp;Networking, Fachgespr\u00e4che und echtes Handwerk \u2013 BAUMETALL hat bekannte K\u00f6pfe der Szene auf der Messe getroffen und macht mit diesem Online-Artikel Lust auf mehr\u003C\/p\u003E\n\u003C\/div\u003E\n                        \u003Cspan class=\u0022read-more-arrow-container\u0022\u003E\n            \u003Cspan class=\u0022read-more-angled-arrow\u0022\u003E \u003C\/span\u003E\n          \u003C\/span\u003E\n                  \u003C\/div\u003E\n    \u003C\/a\u003E\n\u003Ca href=\u0022\/szene\/eine-fachzeitschrift-drei-dachberufe-und-zehn-fachbeitraege\u0022  class=\u0022teaser teaser--standard\u0022 aria-label=\u0022Drei Dachberufe und zehn Fachbeitr\u00e4ge\u0022\u003E\n      \u003Cdiv class=\u0022teaser-content--image\u0022\u003E\n        \u003Cfigure class=\u0022image--figure\u0022\u003E\n        \u003Cpicture\u003E\n                        \u003Csource srcset=\u0022\/sites\/default\/files\/styles\/teaser_standard__m\/public\/aurora\/2026\/02\/512344.jpeg.webp?itok=bkvdQmlK 1x\u0022 media=\u0022(min-width: 48.0625em) and (max-width: 64em)\u0022 type=\u0022image\/webp\u0022 width=\u0022319\u0022 height=\u0022242\u0022\/\u003E\n                  \u003Csource srcset=\u0022\/sites\/default\/files\/styles\/teaser_standard__l\/public\/aurora\/2026\/02\/512344.jpeg.webp?itok=BHnTjiSD 1x\u0022 media=\u0022(min-width: 64.0625em)\u0022 type=\u0022image\/webp\u0022 width=\u0022200\u0022 height=\u0022152\u0022\/\u003E\n                  \u003Csource srcset=\u0022\/sites\/default\/files\/styles\/teaser_standard__m\/public\/aurora\/2026\/02\/512344.jpeg?itok=RLH9iu72 1x\u0022 media=\u0022(min-width: 48.0625em) and (max-width: 64em)\u0022 type=\u0022image\/jpeg\u0022 width=\u0022319\u0022 height=\u0022242\u0022\/\u003E\n                  \u003Csource srcset=\u0022\/sites\/default\/files\/styles\/teaser_standard__l\/public\/aurora\/2026\/02\/512344.jpeg?itok=diD_LlQw 1x\u0022 media=\u0022(min-width: 64.0625em)\u0022 type=\u0022image\/jpeg\u0022 width=\u0022200\u0022 height=\u0022152\u0022\/\u003E\n                          \u003Cimg loading=\u0022eager\u0022 data-caption-hide width=\u0022524\u0022 height=\u0022398\u0022 data-zoomed=\u0022https:\/\/www.baumetall.de\/sites\/default\/files\/styles\/content__zoomed\/public\/aurora\/2026\/02\/512344.jpeg?itok=PQqWxeVn\u0022 src=\u0022\/sites\/default\/files\/styles\/teaser_standard__s\/public\/aurora\/2026\/02\/512344.jpeg?itok=9f_McnYM\u0022 alt=\u0022\u0022 title=\u0022Ein Superheld \u00f6ffnet sein Hemd und enth\u00fcllt ein Brustemblem mit Werkzeugen und einer gro\u00dfen roten Zahl 3. - \u00a9 Getty Images \/ GreenTomato\u0022 \/\u003E\n\n    \u003C\/picture\u003E\n      \u003Cfigcaption class=\u0022image--figcaption\u0022\u003E\n          \u003Cdiv class=\u0022copyright\u0022\u003EGetty Images \/ GreenTomato\u003C\/div\u003E\n          \u003C\/figcaption\u003E\n\u003C\/figure\u003E\n\n\n    \u003C\/div\u003E\n    \u003Cdiv class=\u0022teaser-content\u0022\u003E\n                    \u003Cdiv class=\u0022teaser-content--kicker\u0022\u003E\n                    Eine Fachzeitschrift\n        \u003C\/div\u003E\n                                              \n                        \n        \u003Ch4 class=\u0022teaser-content--headline\u0022\u003E\n                                Drei Dachberufe und zehn \n                              \u003Cspan class=\u0022headline-last-word-arrow\u0022\u003EFachbeitr\u00e4ge                      \u003C\/span\u003E\n        \u003C\/h4\u003E\n            \u003Cdiv class=\u0022teaser-content--publishing-date\u0022\u003E\u003Ctime datetime=\u00222026-03-02T19:15:28Z\u0022\u003E02.03.2026\u003C\/time\u003E\n\u003C\/div\u003E\u003Cspan class=\u0022teaser-content--publishing-date-divider\u0022\u003E - \u003C\/span\u003E\u003Cdiv class=\u0022teaser-content--body\u0022\u003E\u003Cp\u003EEntdecke zehn plus einen Fachartikel aus der neuen Rubrik Dach+Wand, die BAUMETALL hier zum Gratis-Download anbietet. Unsere Experten Lorelay Nova Wegner und Alexander Peter machen gemeinsam den Anfang. Der Bonus-Artikel 11 bildet den kr\u00f6nenden Abschluss dieses Extras!\u003C\/p\u003E\n\u003C\/div\u003E\n                        \u003Cspan class=\u0022read-more-arrow-container\u0022\u003E\n            \u003Cspan class=\u0022read-more-angled-arrow\u0022\u003E \u003C\/span\u003E\n          \u003C\/span\u003E\n                  \u003C\/div\u003E\n    \u003C\/a\u003E\n\u003Ca href=\u0022\/produkte\/countdown-laeuft-enke-show-auf-der-dachholz\u0022  class=\u0022teaser teaser--standard\u0022 aria-label=\u0022Enke-Show auf der Dach+Holz\u0022\u003E\n      \u003Cdiv class=\u0022teaser-content--image\u0022\u003E\n        \u003Cfigure class=\u0022image--figure\u0022\u003E\n        \u003Cpicture\u003E\n                        \u003Csource srcset=\u0022\/sites\/default\/files\/styles\/teaser_standard__m\/public\/aurora\/2026\/02\/515840.jpeg.webp?itok=0xGVVw8X 1x\u0022 media=\u0022(min-width: 48.0625em) and (max-width: 64em)\u0022 type=\u0022image\/webp\u0022 width=\u0022323\u0022 height=\u0022215\u0022\/\u003E\n                  \u003Csource srcset=\u0022\/sites\/default\/files\/styles\/teaser_standard__l\/public\/aurora\/2026\/02\/515840.jpeg.webp?itok=BITNHy1O 1x\u0022 media=\u0022(min-width: 64.0625em)\u0022 type=\u0022image\/webp\u0022 width=\u0022203\u0022 height=\u0022135\u0022\/\u003E\n                  \u003Csource srcset=\u0022\/sites\/default\/files\/styles\/teaser_standard__m\/public\/aurora\/2026\/02\/515840.jpeg?itok=Xv3QWKrJ 1x\u0022 media=\u0022(min-width: 48.0625em) and (max-width: 64em)\u0022 type=\u0022image\/jpeg\u0022 width=\u0022323\u0022 height=\u0022215\u0022\/\u003E\n                  \u003Csource srcset=\u0022\/sites\/default\/files\/styles\/teaser_standard__l\/public\/aurora\/2026\/02\/515840.jpeg?itok=6ZMBwcmC 1x\u0022 media=\u0022(min-width: 64.0625em)\u0022 type=\u0022image\/jpeg\u0022 width=\u0022203\u0022 height=\u0022135\u0022\/\u003E\n                          \u003Cimg loading=\u0022eager\u0022 data-caption-hide width=\u0022597\u0022 height=\u0022398\u0022 data-zoomed=\u0022https:\/\/www.baumetall.de\/sites\/default\/files\/styles\/content__zoomed\/public\/aurora\/2026\/02\/515840.jpeg?itok=vZf1cOkr\u0022 src=\u0022\/sites\/default\/files\/styles\/teaser_standard__s\/public\/aurora\/2026\/02\/515840.jpeg?itok=JaxJ0g_N\u0022 title=\u0022Ein belebter Enke-Messestand mit sitzenden und stehenden Menschen, umgeben von Markendisplays und \u00d6lkanistern. - \u00a9 Enke-Werk\u0022 \/\u003E\n\n    \u003C\/picture\u003E\n      \u003Cfigcaption class=\u0022image--figcaption\u0022\u003E\n          \u003Cdiv class=\u0022copyright\u0022\u003EEnke-Werk\u003C\/div\u003E\n          \u003C\/figcaption\u003E\n\u003C\/figure\u003E\n\n\n    \u003C\/div\u003E\n    \u003Cdiv class=\u0022teaser-content\u0022\u003E\n                    \u003Cdiv class=\u0022teaser-content--kicker\u0022\u003E\n                    Countdown l\u00e4uft!\n        \u003C\/div\u003E\n                                              \n                        \n        \u003Ch4 class=\u0022teaser-content--headline\u0022\u003E\n                                Enke-Show auf der \n                              \u003Cspan class=\u0022headline-last-word-arrow\u0022\u003EDach+Holz                      \u003C\/span\u003E\n        \u003C\/h4\u003E\n            \u003Cdiv class=\u0022teaser-content--publishing-date\u0022\u003E\u003Ctime datetime=\u00222026-02-19T13:47:04Z\u0022\u003E19.02.2026\u003C\/time\u003E\n\u003C\/div\u003E\u003Cspan class=\u0022teaser-content--publishing-date-divider\u0022\u003E - \u003C\/span\u003E\u003Cdiv class=\u0022teaser-content--body\u0022\u003E\u003Cp\u003EAb dem 24. Februar 2026 ist es soweit und das Enke-Team ist schon jetzt richtig gut in der Spur, denn: \u0026nbsp;Enke gibt auf der Dach+Holz wieder Vollgas.\u003C\/p\u003E\n\u003C\/div\u003E\n                        \u003Cspan class=\u0022read-more-arrow-container\u0022\u003E\n            \u003Cspan class=\u0022read-more-angled-arrow\u0022\u003E \u003C\/span\u003E\n          \u003C\/span\u003E\n                  \u003C\/div\u003E\n    \u003C\/a\u003E\n\u003Ca href=\u0022\/produkte\/innovative-blechbearbeitung-fuer-dach-wand-und-fassade-ras-reinhardt-maschinenbau-auf-der\u0022  class=\u0022teaser teaser--standard\u0022 aria-label=\u0022RAS Reinhardt Maschinenbau auf der Dach+Holz\u0022\u003E\n      \u003Cdiv class=\u0022teaser-content--image\u0022\u003E\n        \u003Cfigure class=\u0022image--figure\u0022\u003E\n        \u003Cpicture\u003E\n                        \u003Csource srcset=\u0022\/sites\/default\/files\/styles\/teaser_standard__m\/public\/aurora\/2026\/02\/515875.png.webp?itok=DtS5vdPE 1x\u0022 media=\u0022(min-width: 48.0625em) and (max-width: 64em)\u0022 type=\u0022image\/webp\u0022 width=\u0022323\u0022 height=\u0022196\u0022\/\u003E\n                  \u003Csource srcset=\u0022\/sites\/default\/files\/styles\/teaser_standard__l\/public\/aurora\/2026\/02\/515875.png.webp?itok=uSZwZRaw 1x\u0022 media=\u0022(min-width: 64.0625em)\u0022 type=\u0022image\/webp\u0022 width=\u0022203\u0022 height=\u0022123\u0022\/\u003E\n                  \u003Csource srcset=\u0022\/sites\/default\/files\/styles\/teaser_standard__m\/public\/aurora\/2026\/02\/515875.png?itok=MNeDmNWf 1x\u0022 media=\u0022(min-width: 48.0625em) and (max-width: 64em)\u0022 type=\u0022image\/png\u0022 width=\u0022323\u0022 height=\u0022196\u0022\/\u003E\n                  \u003Csource srcset=\u0022\/sites\/default\/files\/styles\/teaser_standard__l\/public\/aurora\/2026\/02\/515875.png?itok=cse1ZPry 1x\u0022 media=\u0022(min-width: 64.0625em)\u0022 type=\u0022image\/png\u0022 width=\u0022203\u0022 height=\u0022123\u0022\/\u003E\n                          \u003Cimg alt=\u0022RAS Turbo2plus Compact\u0022 loading=\u0022eager\u0022 data-caption-hide width=\u0022657\u0022 height=\u0022398\u0022 data-zoomed=\u0022https:\/\/www.baumetall.de\/sites\/default\/files\/styles\/content__zoomed\/public\/aurora\/2026\/02\/515875.png?itok=dxYwMjUu\u0022 src=\u0022\/sites\/default\/files\/styles\/teaser_standard__s\/public\/aurora\/2026\/02\/515875.png?itok=Mv1H5HGQ\u0022 title=\u0022\u00a9 RAS Reinhardt Maschinenbau\u0022 \/\u003E\n\n    \u003C\/picture\u003E\n      \u003Cfigcaption class=\u0022image--figcaption\u0022\u003E\n          \u003Cdiv class=\u0022copyright\u0022\u003ERAS Reinhardt Maschinenbau\u003C\/div\u003E\n          \u003C\/figcaption\u003E\n\u003C\/figure\u003E\n\n\n    \u003C\/div\u003E\n    \u003Cdiv class=\u0022teaser-content\u0022\u003E\n                    \u003Cdiv class=\u0022teaser-content--kicker\u0022\u003E\n                    Innovative Blechbearbeitung f\u00fcr Dach, Wand und Fassade\n        \u003C\/div\u003E\n                                              \n                        \n        \u003Ch4 class=\u0022teaser-content--headline\u0022\u003E\n                                RAS Reinhardt Maschinenbau auf der \n                              \u003Cspan class=\u0022headline-last-word-arrow\u0022\u003EDach+Holz                      \u003C\/span\u003E\n        \u003C\/h4\u003E\n            \u003Cdiv class=\u0022teaser-content--publishing-date\u0022\u003E\u003Ctime datetime=\u00222026-02-09T14:37:39Z\u0022\u003E09.02.2026\u003C\/time\u003E\n\u003C\/div\u003E\u003Cspan class=\u0022teaser-content--publishing-date-divider\u0022\u003E - \u003C\/span\u003E\u003Cdiv class=\u0022teaser-content--body\u0022\u003E  \u003C\/p\u003E\n\u003Cp\u003E\u003Cbr\u003EIm Mittelpunkt des RAS-Messeauftritts auf der diesej\u00e4hrigen Dach+Holz in K\u00f6ln stehen praxisorientierte Maschinenl\u00f6sungen, die auf Pr\u00e4zision,\u003Cbr\u003EFlexibilit\u00e4t und Wirtschaftlichkeit im handwerklichen Alltag ausgelegt sind.\u0026nbsp;Gezeigt wird ein kompaktes und leistungsstarkes Maschinenportfolio f\u00fcr die...\u003C\/p\u003E\n\n\n\u003C\/div\u003E\n                        \u003Cspan class=\u0022read-more-arrow-container\u0022\u003E\n            \u003Cspan class=\u0022read-more-angled-arrow\u0022\u003E \u003C\/span\u003E\n          \u003C\/span\u003E\n                  \u003C\/div\u003E\n    \u003C\/a\u003E\n\u003Ca href=\u0022\/szene\/wenn-meisterschueler-die-medienwelle-reiten-baumetall-macht-schule\u0022  class=\u0022teaser teaser--standard\u0022 aria-label=\u0022BAUMETALL\u00a0 macht Schule\u0022\u003E\n      \u003Cdiv class=\u0022teaser-content--image\u0022\u003E\n        \u003Cfigure class=\u0022image--figure\u0022\u003E\n        \u003Cpicture\u003E\n                        \u003Csource srcset=\u0022\/sites\/default\/files\/styles\/teaser_standard__m\/public\/aurora\/2026\/02\/512289.png.webp?itok=mQHNG-yc 1x\u0022 media=\u0022(min-width: 48.0625em) and (max-width: 64em)\u0022 type=\u0022image\/webp\u0022 width=\u0022194\u0022 height=\u0022242\u0022\/\u003E\n                  \u003Csource srcset=\u0022\/sites\/default\/files\/styles\/teaser_standard__l\/public\/aurora\/2026\/02\/512289.png.webp?itok=smztyGnq 1x\u0022 media=\u0022(min-width: 64.0625em)\u0022 type=\u0022image\/webp\u0022 width=\u0022122\u0022 height=\u0022152\u0022\/\u003E\n                  \u003Csource srcset=\u0022\/sites\/default\/files\/styles\/teaser_standard__m\/public\/aurora\/2026\/02\/512289.png?itok=x0viPJvf 1x\u0022 media=\u0022(min-width: 48.0625em) and (max-width: 64em)\u0022 type=\u0022image\/png\u0022 width=\u0022194\u0022 height=\u0022242\u0022\/\u003E\n                  \u003Csource srcset=\u0022\/sites\/default\/files\/styles\/teaser_standard__l\/public\/aurora\/2026\/02\/512289.png?itok=y7xHgJuM 1x\u0022 media=\u0022(min-width: 64.0625em)\u0022 type=\u0022image\/png\u0022 width=\u0022122\u0022 height=\u0022152\u0022\/\u003E\n                          \u003Cimg loading=\u0022eager\u0022 data-caption-hide width=\u0022318\u0022 height=\u0022398\u0022 data-zoomed=\u0022https:\/\/www.baumetall.de\/sites\/default\/files\/styles\/content__zoomed\/public\/aurora\/2026\/02\/512289.png?itok=rYbHp4A3\u0022 src=\u0022\/sites\/default\/files\/styles\/teaser_standard__s\/public\/aurora\/2026\/02\/512289.png?itok=EwnofA7W\u0022 title=\u0022Ein l\u00e4chelnder Mann h\u00e4lt BAUMETALL-Zeitschriften vor einem Geb\u00e4ude mit der Aufschrift \u0026quot;Meisterschule\u0026quot;. - \u00a9 BAUMETALL\u0022 \/\u003E\n\n    \u003C\/picture\u003E\n      \u003Cfigcaption class=\u0022image--figcaption\u0022\u003E\n          \u003Cdiv class=\u0022copyright\u0022\u003EBAUMETALL\u003C\/div\u003E\n          \u003C\/figcaption\u003E\n\u003C\/figure\u003E\n\n\n    \u003C\/div\u003E\n    \u003Cdiv class=\u0022teaser-content\u0022\u003E\n                    \u003Cdiv class=\u0022teaser-content--kicker\u0022\u003E\n                    Wenn Meistersch\u00fcler die Medienwelle reiten\n        \u003C\/div\u003E\n                                              \n                        \n        \u003Ch4 class=\u0022teaser-content--headline\u0022\u003E\n                                BAUMETALL\u00a0 macht \n                              \u003Cspan class=\u0022headline-last-word-arrow\u0022\u003ESchule                      \u003C\/span\u003E\n        \u003C\/h4\u003E\n            \u003Cdiv class=\u0022teaser-content--publishing-date\u0022\u003E\u003Ctime datetime=\u00222026-02-06T08:30:59Z\u0022\u003E06.02.2026\u003C\/time\u003E\n\u003C\/div\u003E\u003Cspan class=\u0022teaser-content--publishing-date-divider\u0022\u003E - \u003C\/span\u003E\u003Cdiv class=\u0022teaser-content--body\u0022\u003E\u003Cp\u003EPraxis-Workshop in W\u00fcrzburg: Wenn Meistersch\u00fcler die Medienwelle reiten, trifft Motivation auch Kreativit\u00e4t!\u0026nbsp;\u003C\/p\u003E\n\u003C\/div\u003E\n                        \u003Cspan class=\u0022read-more-arrow-container\u0022\u003E\n            \u003Cspan class=\u0022read-more-angled-arrow\u0022\u003E \u003C\/span\u003E\n          \u003C\/span\u003E\n                  \u003C\/div\u003E\n    \u003C\/a\u003E\n\u003Ca href=\u0022\/szene\/blechmasters-2026-stuttgarter-meisterschueler-praesentieren-klempnertechnik\u0022  class=\u0022teaser teaser--standard\u0022 aria-label=\u0022Stuttgarter Meistersch\u00fcler pr\u00e4sentieren Klempnertechnik\u0022\u003E\n      \u003Cdiv class=\u0022teaser-content--image\u0022\u003E\n        \u003Cfigure class=\u0022image--figure\u0022\u003E\n        \u003Cpicture\u003E\n                        \u003Csource srcset=\u0022\/sites\/default\/files\/styles\/teaser_standard__m\/public\/aurora\/2026\/01\/509315.jpeg.webp?itok=vZTRuxuW 1x\u0022 media=\u0022(min-width: 48.0625em) and (max-width: 64em)\u0022 type=\u0022image\/webp\u0022 width=\u0022323\u0022 height=\u0022235\u0022\/\u003E\n                  \u003Csource srcset=\u0022\/sites\/default\/files\/styles\/teaser_standard__l\/public\/aurora\/2026\/01\/509315.jpeg.webp?itok=9dB4t5J- 1x\u0022 media=\u0022(min-width: 64.0625em)\u0022 type=\u0022image\/webp\u0022 width=\u0022203\u0022 height=\u0022148\u0022\/\u003E\n                  \u003Csource srcset=\u0022\/sites\/default\/files\/styles\/teaser_standard__m\/public\/aurora\/2026\/01\/509315.jpeg?itok=4SaPHOBT 1x\u0022 media=\u0022(min-width: 48.0625em) and (max-width: 64em)\u0022 type=\u0022image\/jpeg\u0022 width=\u0022323\u0022 height=\u0022235\u0022\/\u003E\n                  \u003Csource srcset=\u0022\/sites\/default\/files\/styles\/teaser_standard__l\/public\/aurora\/2026\/01\/509315.jpeg?itok=QZJnM3ff 1x\u0022 media=\u0022(min-width: 64.0625em)\u0022 type=\u0022image\/jpeg\u0022 width=\u0022203\u0022 height=\u0022148\u0022\/\u003E\n                          \u003Cimg alt=\u0022Pr\u00e4sentation der Meisterst\u00fccke im Januar 2026\u0022 loading=\u0022eager\u0022 data-caption-hide width=\u0022548\u0022 height=\u0022398\u0022 data-zoomed=\u0022https:\/\/www.baumetall.de\/sites\/default\/files\/styles\/content__zoomed\/public\/aurora\/2026\/01\/509315.jpeg?itok=zLKTIQ7G\u0022 src=\u0022\/sites\/default\/files\/styles\/teaser_standard__s\/public\/aurora\/2026\/01\/509315.jpeg?itok=ZRdHUbQY\u0022 title=\u0022\u00a9 BAUMETALL\u0022 \/\u003E\n\n    \u003C\/picture\u003E\n      \u003Cfigcaption class=\u0022image--figcaption\u0022\u003E\n          \u003Cdiv class=\u0022copyright\u0022\u003EBAUMETALL\u003C\/div\u003E\n          \u003C\/figcaption\u003E\n\u003C\/figure\u003E\n\n\n    \u003C\/div\u003E\n    \u003Cdiv class=\u0022teaser-content\u0022\u003E\n                    \u003Cdiv class=\u0022teaser-content--kicker\u0022\u003E\n                    Blechmasters 2026\n        \u003C\/div\u003E\n                                              \n                        \n        \u003Ch4 class=\u0022teaser-content--headline\u0022\u003E\n                                Stuttgarter Meistersch\u00fcler pr\u00e4sentieren \n                              \u003Cspan class=\u0022headline-last-word-arrow\u0022\u003EKlempnertechnik                      \u003C\/span\u003E\n        \u003C\/h4\u003E\n            \u003Cdiv class=\u0022teaser-content--publishing-date\u0022\u003E\u003Ctime datetime=\u00222026-01-26T13:50:19Z\u0022\u003E26.01.2026\u003C\/time\u003E\n\u003C\/div\u003E\u003Cspan class=\u0022teaser-content--publishing-date-divider\u0022\u003E - \u003C\/span\u003E\u003Cdiv class=\u0022teaser-content--body\u0022\u003E\u003Cp\u003EAm 25. Januar 2026 lud die Meisterschule f\u00fcr Klempner der Robert-Mayer-Schule Stuttgart zu einem Highlight des Handwerks ein: Abermals pr\u00e4sentierten frisch gebackene Blechmasters beeindruckende Pr\u00fcfungsst\u00fccke aus dem Klempnerhandwerk\u003C\/p\u003E\n\u003C\/div\u003E\n                        \u003Cspan class=\u0022read-more-arrow-container\u0022\u003E\n            \u003Cspan class=\u0022read-more-angled-arrow\u0022\u003E \u003C\/span\u003E\n          \u003C\/span\u003E\n                  \u003C\/div\u003E\n    \u003C\/a\u003E\n\u003Ca href=\u0022\/szene\/metall-kunst-design-spengler-experimentieren-tirol\u0022  class=\u0022teaser teaser--standard\u0022 aria-label=\u0022Spengler experimentieren in Tirol\u0022\u003E\n      \u003Cdiv class=\u0022teaser-content--image\u0022\u003E\n        \u003Cfigure class=\u0022image--figure\u0022\u003E\n        \u003Cpicture\u003E\n                        \u003Csource srcset=\u0022\/sites\/default\/files\/styles\/teaser_standard__m\/public\/aurora\/2026\/01\/508480.jpeg.webp?itok=4_gRWUhn 1x\u0022 media=\u0022(min-width: 48.0625em) and (max-width: 64em)\u0022 type=\u0022image\/webp\u0022 width=\u0022239\u0022 height=\u0022242\u0022\/\u003E\n                  \u003Csource srcset=\u0022\/sites\/default\/files\/styles\/teaser_standard__l\/public\/aurora\/2026\/01\/508480.jpeg.webp?itok=oMk8Esf7 1x\u0022 media=\u0022(min-width: 64.0625em)\u0022 type=\u0022image\/webp\u0022 width=\u0022150\u0022 height=\u0022152\u0022\/\u003E\n                  \u003Csource srcset=\u0022\/sites\/default\/files\/styles\/teaser_standard__m\/public\/aurora\/2026\/01\/508480.jpeg?itok=TCdMdoAP 1x\u0022 media=\u0022(min-width: 48.0625em) and (max-width: 64em)\u0022 type=\u0022image\/jpeg\u0022 width=\u0022239\u0022 height=\u0022242\u0022\/\u003E\n                  \u003Csource srcset=\u0022\/sites\/default\/files\/styles\/teaser_standard__l\/public\/aurora\/2026\/01\/508480.jpeg?itok=ydCzEXVW 1x\u0022 media=\u0022(min-width: 64.0625em)\u0022 type=\u0022image\/jpeg\u0022 width=\u0022150\u0022 height=\u0022152\u0022\/\u003E\n                          \u003Cimg alt=\u0022\u2026aller Anfang ist schwer. Umso beeindruckender ist das Ergebnis nach acht Workshop-Stunden (sh unten)\u00a0\u0022 loading=\u0022eager\u0022 data-caption-hide width=\u0022393\u0022 height=\u0022398\u0022 data-zoomed=\u0022https:\/\/www.baumetall.de\/sites\/default\/files\/styles\/content__zoomed\/public\/aurora\/2026\/01\/508480.jpeg?itok=tBMiriZp\u0022 src=\u0022\/sites\/default\/files\/styles\/teaser_standard__s\/public\/aurora\/2026\/01\/508480.jpeg?itok=88mVTX4d\u0022 title=\u0022\u00a9 BAUMETALL\u0022 \/\u003E\n\n    \u003C\/picture\u003E\n      \u003Cfigcaption class=\u0022image--figcaption\u0022\u003E\n          \u003Cdiv class=\u0022copyright\u0022\u003EBAUMETALL\u003C\/div\u003E\n          \u003C\/figcaption\u003E\n\u003C\/figure\u003E\n\n\n    \u003C\/div\u003E\n    \u003Cdiv class=\u0022teaser-content\u0022\u003E\n                    \u003Cdiv class=\u0022teaser-content--kicker\u0022\u003E\n                    Metall. Kunst. Design.\n        \u003C\/div\u003E\n                                              \n                        \n        \u003Ch4 class=\u0022teaser-content--headline\u0022\u003E\n                                Spengler experimentieren in \n                              \u003Cspan class=\u0022headline-last-word-arrow\u0022\u003ETirol                      \u003C\/span\u003E\n        \u003C\/h4\u003E\n            \u003Cdiv class=\u0022teaser-content--publishing-date\u0022\u003E\u003Ctime datetime=\u00222026-01-23T09:37:56Z\u0022\u003E23.01.2026\u003C\/time\u003E\n\u003C\/div\u003E\u003Cspan class=\u0022teaser-content--publishing-date-divider\u0022\u003E - \u003C\/span\u003E\u003Cdiv class=\u0022teaser-content--body\u0022\u003E  \u003Cp\u003EDem Hammer freien Lauf lassen. Blech nach Herzenslust in Kunst verwandeln. Frust abbauen oder die Muse k\u00fcssen. Das erlebten mutige Spengler Anfang der Woche in Tirol \u003C\/p\u003E\n\u003Cp\u003EIm Rahmen der \u201eKreativen Metallwerkstatt\u201c vermittelte Bildhauerin Manuela Geugelin in der Schulungswerkstatt von Eisenkies, wie aus...\u003C\/p\u003E\n\n\n\u003C\/div\u003E\n                        \u003Cspan class=\u0022read-more-arrow-container\u0022\u003E\n            \u003Cspan class=\u0022read-more-angled-arrow\u0022\u003E \u003C\/span\u003E\n          \u003C\/span\u003E\n                  \u003C\/div\u003E\n    \u003C\/a\u003E\n\u003Ca href=\u0022\/szene\/dachhandwerk-zum-anfassen-wenn-raumschiffe-abheben-und-mountainbikes-fliegen\u0022  class=\u0022teaser teaser--standard\u0022 aria-label=\u0022Wenn Raumschiffe abheben und Mountainbikes fliegen\u0022\u003E\n      \u003Cdiv class=\u0022teaser-content--image\u0022\u003E\n        \u003Cfigure class=\u0022image--figure\u0022\u003E\n        \u003Cpicture\u003E\n                        \u003Csource srcset=\u0022\/sites\/default\/files\/styles\/teaser_standard__m\/public\/aurora\/2026\/01\/506497.jpeg.webp?itok=xPK4aXzA 1x\u0022 media=\u0022(min-width: 48.0625em) and (max-width: 64em)\u0022 type=\u0022image\/webp\u0022 width=\u0022323\u0022 height=\u0022215\u0022\/\u003E\n                  \u003Csource srcset=\u0022\/sites\/default\/files\/styles\/teaser_standard__l\/public\/aurora\/2026\/01\/506497.jpeg.webp?itok=GJpyMzhm 1x\u0022 media=\u0022(min-width: 64.0625em)\u0022 type=\u0022image\/webp\u0022 width=\u0022203\u0022 height=\u0022135\u0022\/\u003E\n                  \u003Csource srcset=\u0022\/sites\/default\/files\/styles\/teaser_standard__m\/public\/aurora\/2026\/01\/506497.jpeg?itok=KOKe3sIH 1x\u0022 media=\u0022(min-width: 48.0625em) and (max-width: 64em)\u0022 type=\u0022image\/jpeg\u0022 width=\u0022323\u0022 height=\u0022215\u0022\/\u003E\n                  \u003Csource srcset=\u0022\/sites\/default\/files\/styles\/teaser_standard__l\/public\/aurora\/2026\/01\/506497.jpeg?itok=iKoU2FdT 1x\u0022 media=\u0022(min-width: 64.0625em)\u0022 type=\u0022image\/jpeg\u0022 width=\u0022203\u0022 height=\u0022135\u0022\/\u003E\n                          \u003Cimg alt=\u0022Zwei Spengler am Messestand der Spengler-Meisterschule W\u00fcrzburg\u0022 loading=\u0022eager\u0022 data-caption-hide width=\u0022597\u0022 height=\u0022398\u0022 data-zoomed=\u0022https:\/\/www.baumetall.de\/sites\/default\/files\/styles\/content__zoomed\/public\/aurora\/2026\/01\/506497.jpeg?itok=Oh8QgYC_\u0022 src=\u0022\/sites\/default\/files\/styles\/teaser_standard__s\/public\/aurora\/2026\/01\/506497.jpeg?itok=KgTfSWRp\u0022 title=\u0022\u00a9 Dach+Holz International\u0022 \/\u003E\n\n    \u003C\/picture\u003E\n      \u003Cfigcaption class=\u0022image--figcaption\u0022\u003E\n          \u003Cdiv class=\u0022copyright\u0022\u003EDach+Holz International\u003C\/div\u003E\n          \u003C\/figcaption\u003E\n\u003C\/figure\u003E\n\n\n    \u003C\/div\u003E\n    \u003Cdiv class=\u0022teaser-content\u0022\u003E\n                    \u003Cdiv class=\u0022teaser-content--kicker\u0022\u003E\n                    Dachhandwerk zum Anfassen\n        \u003C\/div\u003E\n                                              \n                        \n        \u003Ch4 class=\u0022teaser-content--headline\u0022\u003E\n                                Wenn Raumschiffe abheben und Mountainbikes \n                              \u003Cspan class=\u0022headline-last-word-arrow\u0022\u003Efliegen                      \u003C\/span\u003E\n        \u003C\/h4\u003E\n            \u003Cdiv class=\u0022teaser-content--publishing-date\u0022\u003E\u003Ctime datetime=\u00222026-01-16T09:20:16Z\u0022\u003E16.01.2026\u003C\/time\u003E\n\u003C\/div\u003E\u003Cspan class=\u0022teaser-content--publishing-date-divider\u0022\u003E - \u003C\/span\u003E\u003Cdiv class=\u0022teaser-content--body\u0022\u003E\u003Cp\u003EVon spektakul\u00e4ren Bike-Shows \u00fcber den Bau eines Spengler-Raumschiffs aus Titanzink bis zu Racing-Simulatoren: Die Dach+Holz International pr\u00e4sentiert sich vom 24. bis 27. Februar 2026 in K\u00f6ln so erlebnisorientiert wie nie zuvor\u2026\u003C\/p\u003E\n\u003C\/div\u003E\n                        \u003Cspan class=\u0022read-more-arrow-container\u0022\u003E\n            \u003Cspan class=\u0022read-more-angled-arrow\u0022\u003E \u003C\/span\u003E\n          \u003C\/span\u003E\n                  \u003C\/div\u003E\n    \u003C\/a\u003E\n","entity_type":"node","used_ids":["",258170,257725,257579,257262,256902,251530,256380,256216,256175,255983,255451,255297,254275,254675,254676,254040,252685,253077,252837],"show_more":"\u003Cdiv class=\u0022del-show-more\u0022\u003E\u003Ca href=\u0022\/ajax\/del\/d030e44e-b9bb-4658-a70d-4bcad10ad69e\/paragraph\/20\/19\/asc\/eyJub2RlIjp7ImlkIjoiMjU5NTQiLCJ0eXBlIjoicGFnZSJ9fQ%3D%3D\u0022 title=\u0022Mehr Elemente anzeigen\u0022 class=\u0022del-show-more-link use-ajax\u0022 rel=\u0022nofollow\u0022 data-target-type=\u0022node\u0022 aria-controls=\u0022del--paragraph-567695--content\u0022 aria-label=\u0022Mehr Elemente anzeigen\u0022\u003EMehr anzeigen\u003C\/a\u003E\u003C\/div\u003E\n"}]