[{"command":"settings","settings":{"pluralDelimiter":"\u0003","suppressDeprecationErrors":true,"ajaxPageState":{"libraries":"eJxLzi9K1S_ITC4pLUpNy8zJ0UmpzEvMzUyOT80rySypjM_JLC7RL87IL4_PBaoEALH_EqY","theme":"ivory","theme_token":null},"ajaxTrustedUrl":[],"user":{"uid":0,"permissionsHash":"9c975576f1b96e43d31b3ff34c1ca6b53b6096ff14d83974ef00f2d68011e8fb"}},"merge":true},{"command":"add_css","data":[{"rel":"stylesheet","media":"all","href":"\/core\/themes\/stable9\/css\/core\/components\/progress.module.css?te7139"},{"rel":"stylesheet","media":"all","href":"\/core\/themes\/stable9\/css\/core\/components\/ajax-progress.module.css?te7139"},{"rel":"stylesheet","media":"all","href":"\/themes\/contrib\/gin\/dist\/css\/components\/ajax.css?te7139"}]},{"command":"add_js","selector":"body","data":[{"src":"\/core\/assets\/vendor\/jquery\/jquery.min.js?v=4.0.0"},{"src":"\/sites\/default\/files\/js\/js_vZHPysHCgnEP2IP4kU6fYJyvPKSDJOqPSndg5yWEofc.js?scope=footer\u0026delta=1\u0026language=de-bm\u0026theme=ivory\u0026include=eJxLqcxLzM1Mjk_NK8ksqYzPySwu0S_OyC-Pz80vSgUAtBcL_w"}]},{"command":"showMoreTeasers","id":"del--paragraph-258655","content":"\u003Ca href=\u0022\/meisterstuecke-2009\/bedachte-fassade-15\u0022  class=\u0022teaser teaser--standard\u0022 aria-label=\u0022Bedachte Fassade # 15\u0022\u003E\n      \u003Cdiv class=\u0022teaser-content--image\u0022\u003E\n              \u003Cpicture\u003E\n                        \u003Csource srcset=\u0022\/sites\/default\/files\/styles\/teaser_standard__m\/public\/ulmer\/de-bm\/image\/binarydata_big_262951.jpg.webp?itok=P4bTVsrU 1x\u0022 media=\u0022(min-width: 48.0625em) and (max-width: 64em)\u0022 type=\u0022image\/webp\u0022 width=\u0022161\u0022 height=\u0022242\u0022\/\u003E\n                  \u003Csource srcset=\u0022\/sites\/default\/files\/styles\/teaser_standard__l\/public\/ulmer\/de-bm\/image\/binarydata_big_262951.jpg.webp?itok=-kwHae7T 1x\u0022 media=\u0022(min-width: 64.0625em)\u0022 type=\u0022image\/webp\u0022 width=\u0022101\u0022 height=\u0022152\u0022\/\u003E\n                  \u003Csource srcset=\u0022\/sites\/default\/files\/styles\/teaser_standard__m\/public\/ulmer\/de-bm\/image\/binarydata_big_262951.jpg?itok=2hoxzZV0 1x\u0022 media=\u0022(min-width: 48.0625em) and (max-width: 64em)\u0022 type=\u0022image\/jpeg\u0022 width=\u0022161\u0022 height=\u0022242\u0022\/\u003E\n                  \u003Csource srcset=\u0022\/sites\/default\/files\/styles\/teaser_standard__l\/public\/ulmer\/de-bm\/image\/binarydata_big_262951.jpg?itok=rXVCIiIP 1x\u0022 media=\u0022(min-width: 64.0625em)\u0022 type=\u0022image\/jpeg\u0022 width=\u0022101\u0022 height=\u0022152\u0022\/\u003E\n                          \u003Cimg loading=\u0022eager\u0022 data-caption-hide width=\u0022265\u0022 height=\u0022398\u0022 data-zoomed=\u0022https:\/\/www.baumetall.de\/sites\/default\/files\/styles\/content__zoomed\/public\/ulmer\/de-bm\/image\/binarydata_big_262951.jpg?itok=9LKAu2pD\u0022 src=\u0022\/sites\/default\/files\/styles\/teaser_standard__s\/public\/ulmer\/de-bm\/image\/binarydata_big_262951.jpg?itok=z-UuKWkH\u0022 alt=\u0022\u0022 \/\u003E\n\n    \u003C\/picture\u003E\n    \n\n    \u003C\/div\u003E\n    \u003Cdiv class=\u0022teaser-content\u0022\u003E\n                    \u003Cdiv class=\u0022teaser-content--kicker\u0022\u003E\n                    \n        \u003C\/div\u003E\n                                              \n                        \n        \u003Ch4 class=\u0022teaser-content--headline\u0022\u003E\n                                Bedachte Fassade # \n                              \u003Cspan class=\u0022headline-last-word-arrow\u0022\u003E15                      \u003C\/span\u003E\n        \u003C\/h4\u003E\n            \u003Cdiv class=\u0022teaser-content--publishing-date\u0022\u003E\u003Ctime datetime=\u00222009-11-10T06:50:48Z\u0022\u003E10.11.2009\u003C\/time\u003E\n\u003C\/div\u003E\u003Cspan class=\u0022teaser-content--publishing-date-divider\u0022\u003E - \u003C\/span\u003E\u003Cdiv class=\u0022teaser-content--body\u0022\u003E\u003Cp\u003E\u0026nbsp;\u003C\/p\u003E\n\u003Cp\u003E\u003Cbr\u003EBedachte Fassade\u003Cbr\u003EPaneelfassade mit\u003Cbr\u003Egeschwungenen Anbauten\u003Cbr\u003Eund Gesimsen\u003Cbr\u003EMaterial: Kupfer\u003Cbr\u003EVerbindung: Falztechnik, Paneeltechnik und zahlreiche Anschl\u00fcsse an Sims und Dach\u003C\/p\u003E\n\u003Cp\u003E\u0026nbsp;\u003C\/p\u003E\n\u003Cp\u003E\u0026nbsp;\u003C\/p\u003E\n\u003C\/div\u003E\n                        \u003Cspan class=\u0022read-more-arrow-container\u0022\u003E\n            \u003Cspan class=\u0022read-more-angled-arrow\u0022\u003E \u003C\/span\u003E\n          \u003C\/span\u003E\n                  \u003C\/div\u003E\n    \u003C\/a\u003E\n\u003Ca href=\u0022\/meisterstuecke-2009\/fuenfeckige-stehlampe-16\u0022  class=\u0022teaser teaser--standard\u0022 aria-label=\u0022F\u00fcnfeckige Stehlampe # 16\u0022\u003E\n      \u003Cdiv class=\u0022teaser-content--image\u0022\u003E\n              \u003Cpicture\u003E\n                        \u003Csource srcset=\u0022\/sites\/default\/files\/styles\/teaser_standard__m\/public\/ulmer\/de-bm\/image\/binarydata_big_262952.jpg.webp?itok=3jJrGCm_ 1x\u0022 media=\u0022(min-width: 48.0625em) and (max-width: 64em)\u0022 type=\u0022image\/webp\u0022 width=\u0022161\u0022 height=\u0022242\u0022\/\u003E\n                  \u003Csource srcset=\u0022\/sites\/default\/files\/styles\/teaser_standard__l\/public\/ulmer\/de-bm\/image\/binarydata_big_262952.jpg.webp?itok=MSB-B83h 1x\u0022 media=\u0022(min-width: 64.0625em)\u0022 type=\u0022image\/webp\u0022 width=\u0022101\u0022 height=\u0022152\u0022\/\u003E\n                  \u003Csource srcset=\u0022\/sites\/default\/files\/styles\/teaser_standard__m\/public\/ulmer\/de-bm\/image\/binarydata_big_262952.jpg?itok=8h1ZApQV 1x\u0022 media=\u0022(min-width: 48.0625em) and (max-width: 64em)\u0022 type=\u0022image\/jpeg\u0022 width=\u0022161\u0022 height=\u0022242\u0022\/\u003E\n                  \u003Csource srcset=\u0022\/sites\/default\/files\/styles\/teaser_standard__l\/public\/ulmer\/de-bm\/image\/binarydata_big_262952.jpg?itok=GD-m7u_g 1x\u0022 media=\u0022(min-width: 64.0625em)\u0022 type=\u0022image\/jpeg\u0022 width=\u0022101\u0022 height=\u0022152\u0022\/\u003E\n                          \u003Cimg loading=\u0022eager\u0022 data-caption-hide width=\u0022265\u0022 height=\u0022398\u0022 data-zoomed=\u0022https:\/\/www.baumetall.de\/sites\/default\/files\/styles\/content__zoomed\/public\/ulmer\/de-bm\/image\/binarydata_big_262952.jpg?itok=okkgZmiE\u0022 src=\u0022\/sites\/default\/files\/styles\/teaser_standard__s\/public\/ulmer\/de-bm\/image\/binarydata_big_262952.jpg?itok=OuU1FqLk\u0022 alt=\u0022\u0022 \/\u003E\n\n    \u003C\/picture\u003E\n    \n\n    \u003C\/div\u003E\n    \u003Cdiv class=\u0022teaser-content\u0022\u003E\n                    \u003Cdiv class=\u0022teaser-content--kicker\u0022\u003E\n                    \n        \u003C\/div\u003E\n                                              \n                        \n        \u003Ch4 class=\u0022teaser-content--headline\u0022\u003E\n                                F\u00fcnfeckige Stehlampe # \n                              \u003Cspan class=\u0022headline-last-word-arrow\u0022\u003E16                      \u003C\/span\u003E\n        \u003C\/h4\u003E\n            \u003Cdiv class=\u0022teaser-content--publishing-date\u0022\u003E\u003Ctime datetime=\u00222009-11-10T06:51:19Z\u0022\u003E10.11.2009\u003C\/time\u003E\n\u003C\/div\u003E\u003Cspan class=\u0022teaser-content--publishing-date-divider\u0022\u003E - \u003C\/span\u003E\u003Cdiv class=\u0022teaser-content--body\u0022\u003E\u003Cp\u003E\u0026nbsp;\u003C\/p\u003E\n\u003Cp\u003E\u003Cbr\u003EF\u00fcnfeckige Stehlampe\u003Cbr\u003EGeschwungene und lineare\u003Cbr\u003EFalze mit Glaseinlage\u003Cbr\u003EMaterial: Kupfer \/ Messing\u003Cbr\u003EVerbindung: Falztechnik, filigrane Verstrebungen und geb\u00fcrstete Messing-Wulstabschl\u00fcsse\u0026nbsp;\u003C\/p\u003E\n\u003Cp\u003E\u0026nbsp;\u003C\/p\u003E\n\u003Cp\u003E\u0026nbsp;\u003C\/p\u003E\n\u003C\/div\u003E\n                        \u003Cspan class=\u0022read-more-arrow-container\u0022\u003E\n            \u003Cspan class=\u0022read-more-angled-arrow\u0022\u003E \u003C\/span\u003E\n          \u003C\/span\u003E\n                  \u003C\/div\u003E\n    \u003C\/a\u003E\n\u003Ca href=\u0022\/meisterstuecke-2009\/zwoelfeckige-vase-17\u0022  class=\u0022teaser teaser--standard\u0022 aria-label=\u0022Zw\u00f6lfeckige Vase # 17\u0022\u003E\n      \u003Cdiv class=\u0022teaser-content--image\u0022\u003E\n              \u003Cpicture\u003E\n                        \u003Csource srcset=\u0022\/sites\/default\/files\/styles\/teaser_standard__m\/public\/ulmer\/de-bm\/image\/binarydata_big_262953.jpg.webp?itok=Ftlc3xI6 1x\u0022 media=\u0022(min-width: 48.0625em) and (max-width: 64em)\u0022 type=\u0022image\/webp\u0022 width=\u0022161\u0022 height=\u0022242\u0022\/\u003E\n                  \u003Csource srcset=\u0022\/sites\/default\/files\/styles\/teaser_standard__l\/public\/ulmer\/de-bm\/image\/binarydata_big_262953.jpg.webp?itok=9bguGZsJ 1x\u0022 media=\u0022(min-width: 64.0625em)\u0022 type=\u0022image\/webp\u0022 width=\u0022101\u0022 height=\u0022152\u0022\/\u003E\n                  \u003Csource srcset=\u0022\/sites\/default\/files\/styles\/teaser_standard__m\/public\/ulmer\/de-bm\/image\/binarydata_big_262953.jpg?itok=xbl-TAcL 1x\u0022 media=\u0022(min-width: 48.0625em) and (max-width: 64em)\u0022 type=\u0022image\/jpeg\u0022 width=\u0022161\u0022 height=\u0022242\u0022\/\u003E\n                  \u003Csource srcset=\u0022\/sites\/default\/files\/styles\/teaser_standard__l\/public\/ulmer\/de-bm\/image\/binarydata_big_262953.jpg?itok=WR3v-2GH 1x\u0022 media=\u0022(min-width: 64.0625em)\u0022 type=\u0022image\/jpeg\u0022 width=\u0022101\u0022 height=\u0022152\u0022\/\u003E\n                          \u003Cimg loading=\u0022eager\u0022 data-caption-hide width=\u0022265\u0022 height=\u0022398\u0022 data-zoomed=\u0022https:\/\/www.baumetall.de\/sites\/default\/files\/styles\/content__zoomed\/public\/ulmer\/de-bm\/image\/binarydata_big_262953.jpg?itok=rLurI2p8\u0022 src=\u0022\/sites\/default\/files\/styles\/teaser_standard__s\/public\/ulmer\/de-bm\/image\/binarydata_big_262953.jpg?itok=U6_P-uCU\u0022 alt=\u0022\u0022 \/\u003E\n\n    \u003C\/picture\u003E\n    \n\n    \u003C\/div\u003E\n    \u003Cdiv class=\u0022teaser-content\u0022\u003E\n                    \u003Cdiv class=\u0022teaser-content--kicker\u0022\u003E\n                    \n        \u003C\/div\u003E\n                                              \n                        \n        \u003Ch4 class=\u0022teaser-content--headline\u0022\u003E\n                                Zw\u00f6lfeckige Vase # \n                              \u003Cspan class=\u0022headline-last-word-arrow\u0022\u003E17                      \u003C\/span\u003E\n        \u003C\/h4\u003E\n            \u003Cdiv class=\u0022teaser-content--publishing-date\u0022\u003E\u003Ctime datetime=\u00222009-11-10T06:51:41Z\u0022\u003E10.11.2009\u003C\/time\u003E\n\u003C\/div\u003E\u003Cspan class=\u0022teaser-content--publishing-date-divider\u0022\u003E - \u003C\/span\u003E\u003Cdiv class=\u0022teaser-content--body\u0022\u003E\u003Cp\u003E\u0026nbsp;\u003C\/p\u003E\n\u003Cp\u003E\u003Cbr\u003EZw\u00f6lfeckige Vase\u003Cbr\u003EZylindrisches Innengef\u00e4\u00df mit Wulst\u00fcbergang zum Vasenk\u00f6rper\u003Cbr\u003EMaterial: Titanzink, vorbewittert\u003Cbr\u003EVerbindung: Falz- und L\u00f6ttechnik\u003Cbr\u003EDie Vase aus Zink in den Oberfl\u00e4chen Anthra \u0026amp; Pigmento Blau ist ca. 60 cm hoch und hat einen Durchmesser von 30 cm. Grundplatte aus Stahl\u003Cbr\u003E\u0026nbsp;\u003C\/p\u003E\n\u003Cp\u003E\u0026nbsp;\u003C\/p\u003E\n\u003Cp\u003E\u0026nbsp;\u003C\/p\u003E\n\u003C\/div\u003E\n                        \u003Cspan class=\u0022read-more-arrow-container\u0022\u003E\n            \u003Cspan class=\u0022read-more-angled-arrow\u0022\u003E \u003C\/span\u003E\n          \u003C\/span\u003E\n                  \u003C\/div\u003E\n    \u003C\/a\u003E\n\u003Ca href=\u0022\/meisterstuecke-2009\/urne-18\u0022  class=\u0022teaser teaser--standard\u0022 aria-label=\u0022Urne # 18\u0022\u003E\n      \u003Cdiv class=\u0022teaser-content--image\u0022\u003E\n              \u003Cpicture\u003E\n                        \u003Csource srcset=\u0022\/sites\/default\/files\/styles\/teaser_standard__m\/public\/ulmer\/de-bm\/image\/binarydata_big_262954.jpg.webp?itok=mYam_fII 1x\u0022 media=\u0022(min-width: 48.0625em) and (max-width: 64em)\u0022 type=\u0022image\/webp\u0022 width=\u0022161\u0022 height=\u0022242\u0022\/\u003E\n                  \u003Csource srcset=\u0022\/sites\/default\/files\/styles\/teaser_standard__l\/public\/ulmer\/de-bm\/image\/binarydata_big_262954.jpg.webp?itok=u4l11n-v 1x\u0022 media=\u0022(min-width: 64.0625em)\u0022 type=\u0022image\/webp\u0022 width=\u0022101\u0022 height=\u0022152\u0022\/\u003E\n                  \u003Csource srcset=\u0022\/sites\/default\/files\/styles\/teaser_standard__m\/public\/ulmer\/de-bm\/image\/binarydata_big_262954.jpg?itok=O0Qw02tA 1x\u0022 media=\u0022(min-width: 48.0625em) and (max-width: 64em)\u0022 type=\u0022image\/jpeg\u0022 width=\u0022161\u0022 height=\u0022242\u0022\/\u003E\n                  \u003Csource srcset=\u0022\/sites\/default\/files\/styles\/teaser_standard__l\/public\/ulmer\/de-bm\/image\/binarydata_big_262954.jpg?itok=eHiAncYb 1x\u0022 media=\u0022(min-width: 64.0625em)\u0022 type=\u0022image\/jpeg\u0022 width=\u0022101\u0022 height=\u0022152\u0022\/\u003E\n                          \u003Cimg loading=\u0022eager\u0022 data-caption-hide width=\u0022265\u0022 height=\u0022398\u0022 data-zoomed=\u0022https:\/\/www.baumetall.de\/sites\/default\/files\/styles\/content__zoomed\/public\/ulmer\/de-bm\/image\/binarydata_big_262954.jpg?itok=VeKI2MZC\u0022 src=\u0022\/sites\/default\/files\/styles\/teaser_standard__s\/public\/ulmer\/de-bm\/image\/binarydata_big_262954.jpg?itok=qiR5qjE3\u0022 alt=\u0022\u0022 \/\u003E\n\n    \u003C\/picture\u003E\n    \n\n    \u003C\/div\u003E\n    \u003Cdiv class=\u0022teaser-content\u0022\u003E\n                    \u003Cdiv class=\u0022teaser-content--kicker\u0022\u003E\n                    \n        \u003C\/div\u003E\n                                              \n                        \n        \u003Ch4 class=\u0022teaser-content--headline\u0022\u003E\n                                Urne # \n                              \u003Cspan class=\u0022headline-last-word-arrow\u0022\u003E18                      \u003C\/span\u003E\n        \u003C\/h4\u003E\n            \u003Cdiv class=\u0022teaser-content--publishing-date\u0022\u003E\u003Ctime datetime=\u00222009-11-10T06:52:12Z\u0022\u003E10.11.2009\u003C\/time\u003E\n\u003C\/div\u003E\u003Cspan class=\u0022teaser-content--publishing-date-divider\u0022\u003E - \u003C\/span\u003E\u003Cdiv class=\u0022teaser-content--body\u0022\u003E\u003Cp\u003E\u0026nbsp;\u003C\/p\u003E\n\u003Cp\u003E\u003Cbr\u003EUrne\u003Cbr\u003EZehnteiliger Grundk\u00f6rper mit\u003Cbr\u003Ediffizilen Schmuckeinlagen\u003Cbr\u003EMaterial: Kupfer \/ Messing\u003Cbr\u003EVerbindung: Falztechnik nach innen und nach au\u00dfen, gedrehter Grundk\u00f6rper\u003C\/p\u003E\n\u003C\/div\u003E\n                        \u003Cspan class=\u0022read-more-arrow-container\u0022\u003E\n            \u003Cspan class=\u0022read-more-angled-arrow\u0022\u003E \u003C\/span\u003E\n          \u003C\/span\u003E\n                  \u003C\/div\u003E\n    \u003C\/a\u003E\n\u003Ca href=\u0022\/meisterstuecke-2009\/brunnenschale-19\u0022  class=\u0022teaser teaser--standard\u0022 aria-label=\u0022Brunnenschale # 19\u0022\u003E\n      \u003Cdiv class=\u0022teaser-content--image\u0022\u003E\n              \u003Cpicture\u003E\n                        \u003Csource srcset=\u0022\/sites\/default\/files\/styles\/teaser_standard__m\/public\/ulmer\/de-bm\/image\/binarydata_big_262955.jpg.webp?itok=-0rK9JM6 1x\u0022 media=\u0022(min-width: 48.0625em) and (max-width: 64em)\u0022 type=\u0022image\/webp\u0022 width=\u0022161\u0022 height=\u0022242\u0022\/\u003E\n                  \u003Csource srcset=\u0022\/sites\/default\/files\/styles\/teaser_standard__l\/public\/ulmer\/de-bm\/image\/binarydata_big_262955.jpg.webp?itok=36rp2sS9 1x\u0022 media=\u0022(min-width: 64.0625em)\u0022 type=\u0022image\/webp\u0022 width=\u0022101\u0022 height=\u0022152\u0022\/\u003E\n                  \u003Csource srcset=\u0022\/sites\/default\/files\/styles\/teaser_standard__m\/public\/ulmer\/de-bm\/image\/binarydata_big_262955.jpg?itok=udpJZbio 1x\u0022 media=\u0022(min-width: 48.0625em) and (max-width: 64em)\u0022 type=\u0022image\/jpeg\u0022 width=\u0022161\u0022 height=\u0022242\u0022\/\u003E\n                  \u003Csource srcset=\u0022\/sites\/default\/files\/styles\/teaser_standard__l\/public\/ulmer\/de-bm\/image\/binarydata_big_262955.jpg?itok=pZxou0L4 1x\u0022 media=\u0022(min-width: 64.0625em)\u0022 type=\u0022image\/jpeg\u0022 width=\u0022101\u0022 height=\u0022152\u0022\/\u003E\n                          \u003Cimg loading=\u0022eager\u0022 data-caption-hide width=\u0022265\u0022 height=\u0022398\u0022 data-zoomed=\u0022https:\/\/www.baumetall.de\/sites\/default\/files\/styles\/content__zoomed\/public\/ulmer\/de-bm\/image\/binarydata_big_262955.jpg?itok=XhTt2773\u0022 src=\u0022\/sites\/default\/files\/styles\/teaser_standard__s\/public\/ulmer\/de-bm\/image\/binarydata_big_262955.jpg?itok=8ZKZNXwS\u0022 alt=\u0022\u0022 \/\u003E\n\n    \u003C\/picture\u003E\n    \n\n    \u003C\/div\u003E\n    \u003Cdiv class=\u0022teaser-content\u0022\u003E\n                    \u003Cdiv class=\u0022teaser-content--kicker\u0022\u003E\n                    \n        \u003C\/div\u003E\n                                              \n                        \n        \u003Ch4 class=\u0022teaser-content--headline\u0022\u003E\n                                Brunnenschale # \n                              \u003Cspan class=\u0022headline-last-word-arrow\u0022\u003E19                      \u003C\/span\u003E\n        \u003C\/h4\u003E\n            \u003Cdiv class=\u0022teaser-content--publishing-date\u0022\u003E\u003Ctime datetime=\u00222009-11-10T06:52:21Z\u0022\u003E10.11.2009\u003C\/time\u003E\n\u003C\/div\u003E\u003Cspan class=\u0022teaser-content--publishing-date-divider\u0022\u003E - \u003C\/span\u003E\u003Cdiv class=\u0022teaser-content--body\u0022\u003E\u003Cp\u003E\u0026nbsp;\u003C\/p\u003E\n\u003Cp\u003E\u003Cbr\u003EBrunnenschale\u003Cbr\u003EZw\u00f6lfteiliger halb kugelf\u00f6rmiger\u003Cbr\u003EGrund k\u00f6rper mit\u003Cbr\u003EDrahteinlage\u003Cbr\u003EMaterial: Kupfer \/ Messing\u003Cbr\u003EVerbindung: Falztechnik nach innen\u003Cbr\u003EDrahteinlagen, Wulstabschl\u00fcsse, L\u00f6ttechnik\u003C\/p\u003E\n\u003Cp\u003E\u0026nbsp;\u003C\/p\u003E\n\u003C\/div\u003E\n                        \u003Cspan class=\u0022read-more-arrow-container\u0022\u003E\n            \u003Cspan class=\u0022read-more-angled-arrow\u0022\u003E \u003C\/span\u003E\n          \u003C\/span\u003E\n                  \u003C\/div\u003E\n    \u003C\/a\u003E\n\u003Ca href=\u0022\/meisterstuecke-2009\/futterhaus-20\u0022  class=\u0022teaser teaser--standard\u0022 aria-label=\u0022Futterhaus # 20\u0022\u003E\n      \u003Cdiv class=\u0022teaser-content--image\u0022\u003E\n              \u003Cpicture\u003E\n                        \u003Csource srcset=\u0022\/sites\/default\/files\/styles\/teaser_standard__m\/public\/ulmer\/de-bm\/image\/binarydata_big_262956.jpg.webp?itok=dbsrc2M9 1x\u0022 media=\u0022(min-width: 48.0625em) and (max-width: 64em)\u0022 type=\u0022image\/webp\u0022 width=\u0022161\u0022 height=\u0022242\u0022\/\u003E\n                  \u003Csource srcset=\u0022\/sites\/default\/files\/styles\/teaser_standard__l\/public\/ulmer\/de-bm\/image\/binarydata_big_262956.jpg.webp?itok=s0euBUNd 1x\u0022 media=\u0022(min-width: 64.0625em)\u0022 type=\u0022image\/webp\u0022 width=\u0022101\u0022 height=\u0022152\u0022\/\u003E\n                  \u003Csource srcset=\u0022\/sites\/default\/files\/styles\/teaser_standard__m\/public\/ulmer\/de-bm\/image\/binarydata_big_262956.jpg?itok=5ub7uKcP 1x\u0022 media=\u0022(min-width: 48.0625em) and (max-width: 64em)\u0022 type=\u0022image\/jpeg\u0022 width=\u0022161\u0022 height=\u0022242\u0022\/\u003E\n                  \u003Csource srcset=\u0022\/sites\/default\/files\/styles\/teaser_standard__l\/public\/ulmer\/de-bm\/image\/binarydata_big_262956.jpg?itok=HDCxxWzW 1x\u0022 media=\u0022(min-width: 64.0625em)\u0022 type=\u0022image\/jpeg\u0022 width=\u0022101\u0022 height=\u0022152\u0022\/\u003E\n                          \u003Cimg loading=\u0022eager\u0022 data-caption-hide width=\u0022265\u0022 height=\u0022398\u0022 data-zoomed=\u0022https:\/\/www.baumetall.de\/sites\/default\/files\/styles\/content__zoomed\/public\/ulmer\/de-bm\/image\/binarydata_big_262956.jpg?itok=id_FIa_S\u0022 src=\u0022\/sites\/default\/files\/styles\/teaser_standard__s\/public\/ulmer\/de-bm\/image\/binarydata_big_262956.jpg?itok=bKT_oJxW\u0022 alt=\u0022\u0022 \/\u003E\n\n    \u003C\/picture\u003E\n    \n\n    \u003C\/div\u003E\n    \u003Cdiv class=\u0022teaser-content\u0022\u003E\n                    \u003Cdiv class=\u0022teaser-content--kicker\u0022\u003E\n                    \n        \u003C\/div\u003E\n                                              \n                        \n        \u003Ch4 class=\u0022teaser-content--headline\u0022\u003E\n                                Futterhaus # \n                              \u003Cspan class=\u0022headline-last-word-arrow\u0022\u003E20                      \u003C\/span\u003E\n        \u003C\/h4\u003E\n            \u003Cdiv class=\u0022teaser-content--publishing-date\u0022\u003E\u003Ctime datetime=\u00222009-11-10T06:52:47Z\u0022\u003E10.11.2009\u003C\/time\u003E\n\u003C\/div\u003E\u003Cspan class=\u0022teaser-content--publishing-date-divider\u0022\u003E - \u003C\/span\u003E\u003Cdiv class=\u0022teaser-content--body\u0022\u003E\u003Cp\u003E\u0026nbsp;\u003C\/p\u003E\n\u003Cp\u003E\u003Cbr\u003EFutterhaus\u003Cbr\u003EAchteckige Grundform mit\u003Cbr\u003Eau\u00dfen- und innenliegender\u003Cbr\u003EFalzf\u00fchrung\u003Cbr\u003EMaterial: Kupfer\u003Cbr\u003EVerbindung: Falztechnik\u003Cbr\u003Einnenliegender Holzsockel, mit Talkum behandelte L\u00f6tn\u00e4hte zur Verhinderung des Zinndurchflusses\u003C\/p\u003E\n\u003Cp\u003E\u0026nbsp;\u003C\/p\u003E\n\u003C\/div\u003E\n                        \u003Cspan class=\u0022read-more-arrow-container\u0022\u003E\n            \u003Cspan class=\u0022read-more-angled-arrow\u0022\u003E \u003C\/span\u003E\n          \u003C\/span\u003E\n                  \u003C\/div\u003E\n    \u003C\/a\u003E\n\u003Ca href=\u0022\/meisterstuecke-2009\/helm-der-schweizer-garde-21\u0022  class=\u0022teaser teaser--standard\u0022 aria-label=\u0022Helm der Schweizer Garde # 21\u0022\u003E\n      \u003Cdiv class=\u0022teaser-content--image\u0022\u003E\n              \u003Cpicture\u003E\n                        \u003Csource srcset=\u0022\/sites\/default\/files\/styles\/teaser_standard__m\/public\/ulmer\/de-bm\/image\/binarydata_big_262958.jpg.webp?itok=11qUyA47 1x\u0022 media=\u0022(min-width: 48.0625em) and (max-width: 64em)\u0022 type=\u0022image\/webp\u0022 width=\u0022161\u0022 height=\u0022242\u0022\/\u003E\n                  \u003Csource srcset=\u0022\/sites\/default\/files\/styles\/teaser_standard__l\/public\/ulmer\/de-bm\/image\/binarydata_big_262958.jpg.webp?itok=7ekdTaGO 1x\u0022 media=\u0022(min-width: 64.0625em)\u0022 type=\u0022image\/webp\u0022 width=\u0022101\u0022 height=\u0022152\u0022\/\u003E\n                  \u003Csource srcset=\u0022\/sites\/default\/files\/styles\/teaser_standard__m\/public\/ulmer\/de-bm\/image\/binarydata_big_262958.jpg?itok=x3btSemK 1x\u0022 media=\u0022(min-width: 48.0625em) and (max-width: 64em)\u0022 type=\u0022image\/jpeg\u0022 width=\u0022161\u0022 height=\u0022242\u0022\/\u003E\n                  \u003Csource srcset=\u0022\/sites\/default\/files\/styles\/teaser_standard__l\/public\/ulmer\/de-bm\/image\/binarydata_big_262958.jpg?itok=5u7Y8bYj 1x\u0022 media=\u0022(min-width: 64.0625em)\u0022 type=\u0022image\/jpeg\u0022 width=\u0022101\u0022 height=\u0022152\u0022\/\u003E\n                          \u003Cimg loading=\u0022eager\u0022 data-caption-hide width=\u0022265\u0022 height=\u0022398\u0022 data-zoomed=\u0022https:\/\/www.baumetall.de\/sites\/default\/files\/styles\/content__zoomed\/public\/ulmer\/de-bm\/image\/binarydata_big_262958.jpg?itok=fb7XctKj\u0022 src=\u0022\/sites\/default\/files\/styles\/teaser_standard__s\/public\/ulmer\/de-bm\/image\/binarydata_big_262958.jpg?itok=lBlWHYxD\u0022 alt=\u0022\u0022 \/\u003E\n\n    \u003C\/picture\u003E\n    \n\n    \u003C\/div\u003E\n    \u003Cdiv class=\u0022teaser-content\u0022\u003E\n                    \u003Cdiv class=\u0022teaser-content--kicker\u0022\u003E\n                    \n        \u003C\/div\u003E\n                                              \n                        \n        \u003Ch4 class=\u0022teaser-content--headline\u0022\u003E\n                                Helm der Schweizer Garde # \n                              \u003Cspan class=\u0022headline-last-word-arrow\u0022\u003E21                      \u003C\/span\u003E\n        \u003C\/h4\u003E\n            \u003Cdiv class=\u0022teaser-content--publishing-date\u0022\u003E\u003Ctime datetime=\u00222009-11-10T06:56:57Z\u0022\u003E10.11.2009\u003C\/time\u003E\n\u003C\/div\u003E\u003Cspan class=\u0022teaser-content--publishing-date-divider\u0022\u003E - \u003C\/span\u003E\u003Cdiv class=\u0022teaser-content--body\u0022\u003E\u003Cp\u003E\u0026nbsp;\u003C\/p\u003E\n\u003Cp\u003E\u003Cbr\u003EHelm der Schweizer Garde\u003Cbr\u003EMehrteiliger geschwungener\u003Cbr\u003EGrundk\u00f6rper mit Rohrwulsten\u003Cbr\u003EMaterial: Kupfer \/ Messing\u003Cbr\u003EVerbindung: Falz- und L\u00f6ttechnik\u003Cbr\u003EInnenliegende Falze\u003C\/p\u003E\n\u003Cp\u003E\u0026nbsp;\u003C\/p\u003E\n\u003C\/div\u003E\n                        \u003Cspan class=\u0022read-more-arrow-container\u0022\u003E\n            \u003Cspan class=\u0022read-more-angled-arrow\u0022\u003E \u003C\/span\u003E\n          \u003C\/span\u003E\n                  \u003C\/div\u003E\n    \u003C\/a\u003E\n\u003Ca href=\u0022\/meisterstuecke-2009\/dachspitze-22\u0022  class=\u0022teaser teaser--standard\u0022 aria-label=\u0022Dachspitze # 22\u0022\u003E\n      \u003Cdiv class=\u0022teaser-content--image\u0022\u003E\n              \u003Cpicture\u003E\n                        \u003Csource srcset=\u0022\/sites\/default\/files\/styles\/teaser_standard__m\/public\/ulmer\/de-bm\/image\/binarydata_big_262959.jpg.webp?itok=8vKF-9Mh 1x\u0022 media=\u0022(min-width: 48.0625em) and (max-width: 64em)\u0022 type=\u0022image\/webp\u0022 width=\u0022161\u0022 height=\u0022242\u0022\/\u003E\n                  \u003Csource srcset=\u0022\/sites\/default\/files\/styles\/teaser_standard__l\/public\/ulmer\/de-bm\/image\/binarydata_big_262959.jpg.webp?itok=yjOodbQH 1x\u0022 media=\u0022(min-width: 64.0625em)\u0022 type=\u0022image\/webp\u0022 width=\u0022101\u0022 height=\u0022152\u0022\/\u003E\n                  \u003Csource srcset=\u0022\/sites\/default\/files\/styles\/teaser_standard__m\/public\/ulmer\/de-bm\/image\/binarydata_big_262959.jpg?itok=Uts1PThS 1x\u0022 media=\u0022(min-width: 48.0625em) and (max-width: 64em)\u0022 type=\u0022image\/jpeg\u0022 width=\u0022161\u0022 height=\u0022242\u0022\/\u003E\n                  \u003Csource srcset=\u0022\/sites\/default\/files\/styles\/teaser_standard__l\/public\/ulmer\/de-bm\/image\/binarydata_big_262959.jpg?itok=sZ1-tIDc 1x\u0022 media=\u0022(min-width: 64.0625em)\u0022 type=\u0022image\/jpeg\u0022 width=\u0022101\u0022 height=\u0022152\u0022\/\u003E\n                          \u003Cimg loading=\u0022eager\u0022 data-caption-hide width=\u0022265\u0022 height=\u0022398\u0022 data-zoomed=\u0022https:\/\/www.baumetall.de\/sites\/default\/files\/styles\/content__zoomed\/public\/ulmer\/de-bm\/image\/binarydata_big_262959.jpg?itok=2_cREvjZ\u0022 src=\u0022\/sites\/default\/files\/styles\/teaser_standard__s\/public\/ulmer\/de-bm\/image\/binarydata_big_262959.jpg?itok=DxohYv5i\u0022 alt=\u0022\u0022 \/\u003E\n\n    \u003C\/picture\u003E\n    \n\n    \u003C\/div\u003E\n    \u003Cdiv class=\u0022teaser-content\u0022\u003E\n                    \u003Cdiv class=\u0022teaser-content--kicker\u0022\u003E\n                    \n        \u003C\/div\u003E\n                                              \n                        \n        \u003Ch4 class=\u0022teaser-content--headline\u0022\u003E\n                                Dachspitze # \n                              \u003Cspan class=\u0022headline-last-word-arrow\u0022\u003E22                      \u003C\/span\u003E\n        \u003C\/h4\u003E\n            \u003Cdiv class=\u0022teaser-content--publishing-date\u0022\u003E\u003Ctime datetime=\u00222009-11-10T06:57:11Z\u0022\u003E10.11.2009\u003C\/time\u003E\n\u003C\/div\u003E\u003Cspan class=\u0022teaser-content--publishing-date-divider\u0022\u003E - \u003C\/span\u003E\u003Cdiv class=\u0022teaser-content--body\u0022\u003E\u003Cp\u003E\u0026nbsp;\u003C\/p\u003E\n\u003Cp\u003E\u003Cbr\u003EDachspitze\u0026nbsp;\u003Cbr\u003EAchteckiger Grundk\u00f6rper mit konvexem und konkavem Falzverlauf\u003Cbr\u003EMaterial: Kupfer\u003Cbr\u003EVerbindung: Falztechnik, Abschluss aus Messing\u003Cbr\u003EPr\u00e4sentation auf Steinsockel\u003C\/p\u003E\n\u003Cp\u003E\u0026nbsp;\u003C\/p\u003E\n\u003C\/div\u003E\n                        \u003Cspan class=\u0022read-more-arrow-container\u0022\u003E\n            \u003Cspan class=\u0022read-more-angled-arrow\u0022\u003E \u003C\/span\u003E\n          \u003C\/span\u003E\n                  \u003C\/div\u003E\n    \u003C\/a\u003E\n\u003Ca href=\u0022\/meisterstuecke-2009\/schachbrett-23\u0022  class=\u0022teaser teaser--standard\u0022 aria-label=\u0022Schachbrett # 23\u0022\u003E\n      \u003Cdiv class=\u0022teaser-content--image\u0022\u003E\n              \u003Cpicture\u003E\n                        \u003Csource srcset=\u0022\/sites\/default\/files\/styles\/teaser_standard__m\/public\/ulmer\/de-bm\/image\/binarydata_big_262960.jpg.webp?itok=67X4m3DE 1x\u0022 media=\u0022(min-width: 48.0625em) and (max-width: 64em)\u0022 type=\u0022image\/webp\u0022 width=\u0022161\u0022 height=\u0022242\u0022\/\u003E\n                  \u003Csource srcset=\u0022\/sites\/default\/files\/styles\/teaser_standard__l\/public\/ulmer\/de-bm\/image\/binarydata_big_262960.jpg.webp?itok=7is45AE0 1x\u0022 media=\u0022(min-width: 64.0625em)\u0022 type=\u0022image\/webp\u0022 width=\u0022101\u0022 height=\u0022152\u0022\/\u003E\n                  \u003Csource srcset=\u0022\/sites\/default\/files\/styles\/teaser_standard__m\/public\/ulmer\/de-bm\/image\/binarydata_big_262960.jpg?itok=yUbthDRL 1x\u0022 media=\u0022(min-width: 48.0625em) and (max-width: 64em)\u0022 type=\u0022image\/jpeg\u0022 width=\u0022161\u0022 height=\u0022242\u0022\/\u003E\n                  \u003Csource srcset=\u0022\/sites\/default\/files\/styles\/teaser_standard__l\/public\/ulmer\/de-bm\/image\/binarydata_big_262960.jpg?itok=d6liLOo4 1x\u0022 media=\u0022(min-width: 64.0625em)\u0022 type=\u0022image\/jpeg\u0022 width=\u0022101\u0022 height=\u0022152\u0022\/\u003E\n                          \u003Cimg loading=\u0022eager\u0022 data-caption-hide width=\u0022265\u0022 height=\u0022398\u0022 data-zoomed=\u0022https:\/\/www.baumetall.de\/sites\/default\/files\/styles\/content__zoomed\/public\/ulmer\/de-bm\/image\/binarydata_big_262960.jpg?itok=WSD9PBfn\u0022 src=\u0022\/sites\/default\/files\/styles\/teaser_standard__s\/public\/ulmer\/de-bm\/image\/binarydata_big_262960.jpg?itok=BGaG4cVu\u0022 alt=\u0022\u0022 \/\u003E\n\n    \u003C\/picture\u003E\n    \n\n    \u003C\/div\u003E\n    \u003Cdiv class=\u0022teaser-content\u0022\u003E\n                    \u003Cdiv class=\u0022teaser-content--kicker\u0022\u003E\n                    \n        \u003C\/div\u003E\n                                              \n                        \n        \u003Ch4 class=\u0022teaser-content--headline\u0022\u003E\n                                Schachbrett # \n                              \u003Cspan class=\u0022headline-last-word-arrow\u0022\u003E23                      \u003C\/span\u003E\n        \u003C\/h4\u003E\n            \u003Cdiv class=\u0022teaser-content--publishing-date\u0022\u003E\u003Ctime datetime=\u00222009-11-10T06:57:24Z\u0022\u003E10.11.2009\u003C\/time\u003E\n\u003C\/div\u003E\u003Cspan class=\u0022teaser-content--publishing-date-divider\u0022\u003E - \u003C\/span\u003E\u003Cdiv class=\u0022teaser-content--body\u0022\u003E\u003Cp\u003E\u0026nbsp;\u003C\/p\u003E\n\u003Cp\u003E\u003Cbr\u003EStandfu\u00df mit Schachbrett\u003Cbr\u003EAchtteiliger Grundk\u00f6rper mit Einlegearbeiten\u003Cbr\u003EMaterial: Kupfer \/ Messing\u003Cbr\u003EVerbindung: Falztechnik nach innen und nach au\u00dfen\u003C\/p\u003E\n\u003Cp\u003E\u0026nbsp;\u003C\/p\u003E\n\u003C\/div\u003E\n                        \u003Cspan class=\u0022read-more-arrow-container\u0022\u003E\n            \u003Cspan class=\u0022read-more-angled-arrow\u0022\u003E \u003C\/span\u003E\n          \u003C\/span\u003E\n                  \u003C\/div\u003E\n    \u003C\/a\u003E\n\u003Ca href=\u0022\/meisterstuecke-2009\/globus-24\u0022  class=\u0022teaser teaser--standard\u0022 aria-label=\u0022Globus # 24\u0022\u003E\n      \u003Cdiv class=\u0022teaser-content--image\u0022\u003E\n              \u003Cpicture\u003E\n                        \u003Csource srcset=\u0022\/sites\/default\/files\/styles\/teaser_standard__m\/public\/ulmer\/de-bm\/image\/binarydata_big_262961.jpg.webp?itok=O_gfGQMs 1x\u0022 media=\u0022(min-width: 48.0625em) and (max-width: 64em)\u0022 type=\u0022image\/webp\u0022 width=\u0022161\u0022 height=\u0022242\u0022\/\u003E\n                  \u003Csource srcset=\u0022\/sites\/default\/files\/styles\/teaser_standard__l\/public\/ulmer\/de-bm\/image\/binarydata_big_262961.jpg.webp?itok=pYUqgckw 1x\u0022 media=\u0022(min-width: 64.0625em)\u0022 type=\u0022image\/webp\u0022 width=\u0022101\u0022 height=\u0022152\u0022\/\u003E\n                  \u003Csource srcset=\u0022\/sites\/default\/files\/styles\/teaser_standard__m\/public\/ulmer\/de-bm\/image\/binarydata_big_262961.jpg?itok=Sz_vYyRe 1x\u0022 media=\u0022(min-width: 48.0625em) and (max-width: 64em)\u0022 type=\u0022image\/jpeg\u0022 width=\u0022161\u0022 height=\u0022242\u0022\/\u003E\n                  \u003Csource srcset=\u0022\/sites\/default\/files\/styles\/teaser_standard__l\/public\/ulmer\/de-bm\/image\/binarydata_big_262961.jpg?itok=4OuDSHjv 1x\u0022 media=\u0022(min-width: 64.0625em)\u0022 type=\u0022image\/jpeg\u0022 width=\u0022101\u0022 height=\u0022152\u0022\/\u003E\n                          \u003Cimg loading=\u0022eager\u0022 data-caption-hide width=\u0022265\u0022 height=\u0022398\u0022 data-zoomed=\u0022https:\/\/www.baumetall.de\/sites\/default\/files\/styles\/content__zoomed\/public\/ulmer\/de-bm\/image\/binarydata_big_262961.jpg?itok=clmMhiD4\u0022 src=\u0022\/sites\/default\/files\/styles\/teaser_standard__s\/public\/ulmer\/de-bm\/image\/binarydata_big_262961.jpg?itok=I6VmnO6n\u0022 alt=\u0022\u0022 \/\u003E\n\n    \u003C\/picture\u003E\n    \n\n    \u003C\/div\u003E\n    \u003Cdiv class=\u0022teaser-content\u0022\u003E\n                    \u003Cdiv class=\u0022teaser-content--kicker\u0022\u003E\n                    \n        \u003C\/div\u003E\n                                              \n                        \n        \u003Ch4 class=\u0022teaser-content--headline\u0022\u003E\n                                Globus # \n                              \u003Cspan class=\u0022headline-last-word-arrow\u0022\u003E24                      \u003C\/span\u003E\n        \u003C\/h4\u003E\n            \u003Cdiv class=\u0022teaser-content--publishing-date\u0022\u003E\u003Ctime datetime=\u00222009-11-10T06:57:35Z\u0022\u003E10.11.2009\u003C\/time\u003E\n\u003C\/div\u003E\u003Cspan class=\u0022teaser-content--publishing-date-divider\u0022\u003E - \u003C\/span\u003E\u003Cdiv class=\u0022teaser-content--body\u0022\u003E\u003Cp\u003E\u0026nbsp;\u003C\/p\u003E\n\u003Cp\u003E\u003Cbr\u003EVintage-used-look-Globus\u003Cbr\u003ESechsteiliger Fu\u00df mit getriebener Kugel in antikem Design\u003Cbr\u003EMaterial: Kupfer\u003Cbr\u003EVerbindung: Falztechnik\u003Cbr\u003E6-teiliger Sockel, nach innen gefalzt und ca. 200 mm hoch\u003Cbr\u003EKugel aus 1,4 mm Kupfer getrieben, gepoltert und aufgezogen\u003C\/p\u003E\n\u003Cp\u003E\u0026nbsp;\u003C\/p\u003E\n\u003C\/div\u003E\n                        \u003Cspan class=\u0022read-more-arrow-container\u0022\u003E\n            \u003Cspan class=\u0022read-more-angled-arrow\u0022\u003E \u003C\/span\u003E\n          \u003C\/span\u003E\n                  \u003C\/div\u003E\n    \u003C\/a\u003E\n\u003Ca href=\u0022\/meisterstuecke-2009\/lampi-25\u0022  class=\u0022teaser teaser--standard\u0022 aria-label=\u0022Lampi # 25\u0022\u003E\n      \u003Cdiv class=\u0022teaser-content--image\u0022\u003E\n              \u003Cpicture\u003E\n                        \u003Csource srcset=\u0022\/sites\/default\/files\/styles\/teaser_standard__m\/public\/ulmer\/de-bm\/image\/binarydata_big_262962.jpg.webp?itok=8Au1eEoG 1x\u0022 media=\u0022(min-width: 48.0625em) and (max-width: 64em)\u0022 type=\u0022image\/webp\u0022 width=\u0022161\u0022 height=\u0022242\u0022\/\u003E\n                  \u003Csource srcset=\u0022\/sites\/default\/files\/styles\/teaser_standard__l\/public\/ulmer\/de-bm\/image\/binarydata_big_262962.jpg.webp?itok=5lv4okpB 1x\u0022 media=\u0022(min-width: 64.0625em)\u0022 type=\u0022image\/webp\u0022 width=\u0022101\u0022 height=\u0022152\u0022\/\u003E\n                  \u003Csource srcset=\u0022\/sites\/default\/files\/styles\/teaser_standard__m\/public\/ulmer\/de-bm\/image\/binarydata_big_262962.jpg?itok=SWAaFQtW 1x\u0022 media=\u0022(min-width: 48.0625em) and (max-width: 64em)\u0022 type=\u0022image\/jpeg\u0022 width=\u0022161\u0022 height=\u0022242\u0022\/\u003E\n                  \u003Csource srcset=\u0022\/sites\/default\/files\/styles\/teaser_standard__l\/public\/ulmer\/de-bm\/image\/binarydata_big_262962.jpg?itok=zUyd6QLj 1x\u0022 media=\u0022(min-width: 64.0625em)\u0022 type=\u0022image\/jpeg\u0022 width=\u0022101\u0022 height=\u0022152\u0022\/\u003E\n                          \u003Cimg loading=\u0022eager\u0022 data-caption-hide width=\u0022265\u0022 height=\u0022398\u0022 data-zoomed=\u0022https:\/\/www.baumetall.de\/sites\/default\/files\/styles\/content__zoomed\/public\/ulmer\/de-bm\/image\/binarydata_big_262962.jpg?itok=0fgJnepw\u0022 src=\u0022\/sites\/default\/files\/styles\/teaser_standard__s\/public\/ulmer\/de-bm\/image\/binarydata_big_262962.jpg?itok=ryid3JE5\u0022 alt=\u0022\u0022 \/\u003E\n\n    \u003C\/picture\u003E\n    \n\n    \u003C\/div\u003E\n    \u003Cdiv class=\u0022teaser-content\u0022\u003E\n                    \u003Cdiv class=\u0022teaser-content--kicker\u0022\u003E\n                    \n        \u003C\/div\u003E\n                                              \n                        \n        \u003Ch4 class=\u0022teaser-content--headline\u0022\u003E\n                                Lampi # \n                              \u003Cspan class=\u0022headline-last-word-arrow\u0022\u003E25                      \u003C\/span\u003E\n        \u003C\/h4\u003E\n            \u003Cdiv class=\u0022teaser-content--publishing-date\u0022\u003E\u003Ctime datetime=\u00222009-11-10T06:57:48Z\u0022\u003E10.11.2009\u003C\/time\u003E\n\u003C\/div\u003E\u003Cspan class=\u0022teaser-content--publishing-date-divider\u0022\u003E - \u003C\/span\u003E\u003Cdiv class=\u0022teaser-content--body\u0022\u003E\u003Cp\u003E\u0026nbsp;\u003C\/p\u003E\n\u003Cp\u003E\u003Cbr\u003ELampi\u003Cbr\u003EStehlampe mit Gliederfu\u00df und getriebenem Lampenk\u00f6rper\u003Cbr\u003EMaterial: Titanzink\u003Cbr\u003EVerbindung: Falztechnik\u003Cbr\u003EFalztechnik nach innen und nach au\u00dfen\u003Cbr\u003E\u0026nbsp;\u003C\/p\u003E\n\u003Cp\u003E\u0026nbsp;\u003C\/p\u003E\n\u003C\/div\u003E\n                        \u003Cspan class=\u0022read-more-arrow-container\u0022\u003E\n            \u003Cspan class=\u0022read-more-angled-arrow\u0022\u003E \u003C\/span\u003E\n          \u003C\/span\u003E\n                  \u003C\/div\u003E\n    \u003C\/a\u003E\n\u003Ca href=\u0022\/meisterstuecke-2009\/werkstattschild-26\u0022  class=\u0022teaser teaser--standard\u0022 aria-label=\u0022Werkstattschild # 26\u0022\u003E\n      \u003Cdiv class=\u0022teaser-content--image\u0022\u003E\n              \u003Cpicture\u003E\n                        \u003Csource srcset=\u0022\/sites\/default\/files\/styles\/teaser_standard__m\/public\/ulmer\/de-bm\/image\/binarydata_big_262963.jpg.webp?itok=_QsYlP7l 1x\u0022 media=\u0022(min-width: 48.0625em) and (max-width: 64em)\u0022 type=\u0022image\/webp\u0022 width=\u0022161\u0022 height=\u0022242\u0022\/\u003E\n                  \u003Csource srcset=\u0022\/sites\/default\/files\/styles\/teaser_standard__l\/public\/ulmer\/de-bm\/image\/binarydata_big_262963.jpg.webp?itok=2ph5-wW_ 1x\u0022 media=\u0022(min-width: 64.0625em)\u0022 type=\u0022image\/webp\u0022 width=\u0022101\u0022 height=\u0022152\u0022\/\u003E\n                  \u003Csource srcset=\u0022\/sites\/default\/files\/styles\/teaser_standard__m\/public\/ulmer\/de-bm\/image\/binarydata_big_262963.jpg?itok=FcvGAWUn 1x\u0022 media=\u0022(min-width: 48.0625em) and (max-width: 64em)\u0022 type=\u0022image\/jpeg\u0022 width=\u0022161\u0022 height=\u0022242\u0022\/\u003E\n                  \u003Csource srcset=\u0022\/sites\/default\/files\/styles\/teaser_standard__l\/public\/ulmer\/de-bm\/image\/binarydata_big_262963.jpg?itok=ZLOyduK1 1x\u0022 media=\u0022(min-width: 64.0625em)\u0022 type=\u0022image\/jpeg\u0022 width=\u0022101\u0022 height=\u0022152\u0022\/\u003E\n                          \u003Cimg loading=\u0022eager\u0022 data-caption-hide width=\u0022265\u0022 height=\u0022398\u0022 data-zoomed=\u0022https:\/\/www.baumetall.de\/sites\/default\/files\/styles\/content__zoomed\/public\/ulmer\/de-bm\/image\/binarydata_big_262963.jpg?itok=4FWocDsT\u0022 src=\u0022\/sites\/default\/files\/styles\/teaser_standard__s\/public\/ulmer\/de-bm\/image\/binarydata_big_262963.jpg?itok=Plrp9gbK\u0022 alt=\u0022\u0022 \/\u003E\n\n    \u003C\/picture\u003E\n    \n\n    \u003C\/div\u003E\n    \u003Cdiv class=\u0022teaser-content\u0022\u003E\n                    \u003Cdiv class=\u0022teaser-content--kicker\u0022\u003E\n                    \n        \u003C\/div\u003E\n                                              \n                        \n        \u003Ch4 class=\u0022teaser-content--headline\u0022\u003E\n                                Werkstattschild # \n                              \u003Cspan class=\u0022headline-last-word-arrow\u0022\u003E26                      \u003C\/span\u003E\n        \u003C\/h4\u003E\n            \u003Cdiv class=\u0022teaser-content--publishing-date\u0022\u003E\u003Ctime datetime=\u00222009-11-10T06:58:00Z\u0022\u003E10.11.2009\u003C\/time\u003E\n\u003C\/div\u003E\u003Cspan class=\u0022teaser-content--publishing-date-divider\u0022\u003E - \u003C\/span\u003E\u003Cdiv class=\u0022teaser-content--body\u0022\u003E\u003Cp\u003E\u0026nbsp;\u003C\/p\u003E\n\u003Cp\u003E\u003Cbr\u003EWerkstattschild\u003Cbr\u003EGew\u00f6lbte Schriftfl\u00e4che mit gegenl\u00e4ufig gew\u00f6lbtem Rahmen\u003Cbr\u003EMaterial: Farbaluminium \/ Titanzink\u003Cbr\u003EVerbindung: Falztechnik\u003C\/p\u003E\n\u003Cp\u003E\u0026nbsp;\u003C\/p\u003E\n\u003C\/div\u003E\n                        \u003Cspan class=\u0022read-more-arrow-container\u0022\u003E\n            \u003Cspan class=\u0022read-more-angled-arrow\u0022\u003E \u003C\/span\u003E\n          \u003C\/span\u003E\n                  \u003C\/div\u003E\n    \u003C\/a\u003E\n\u003Ca href=\u0022\/meisterstuecke-2009\/wetterfahne-27\u0022  class=\u0022teaser teaser--standard\u0022 aria-label=\u0022Wetterfahne # 27\u0022\u003E\n      \u003Cdiv class=\u0022teaser-content--image\u0022\u003E\n              \u003Cpicture\u003E\n                        \u003Csource srcset=\u0022\/sites\/default\/files\/styles\/teaser_standard__m\/public\/ulmer\/de-bm\/image\/binarydata_big_262964.jpg.webp?itok=bpWRRWO9 1x\u0022 media=\u0022(min-width: 48.0625em) and (max-width: 64em)\u0022 type=\u0022image\/webp\u0022 width=\u0022153\u0022 height=\u0022242\u0022\/\u003E\n                  \u003Csource srcset=\u0022\/sites\/default\/files\/styles\/teaser_standard__l\/public\/ulmer\/de-bm\/image\/binarydata_big_262964.jpg.webp?itok=YcXSKMPR 1x\u0022 media=\u0022(min-width: 64.0625em)\u0022 type=\u0022image\/webp\u0022 width=\u002296\u0022 height=\u0022152\u0022\/\u003E\n                  \u003Csource srcset=\u0022\/sites\/default\/files\/styles\/teaser_standard__m\/public\/ulmer\/de-bm\/image\/binarydata_big_262964.jpg?itok=Um31-Qgk 1x\u0022 media=\u0022(min-width: 48.0625em) and (max-width: 64em)\u0022 type=\u0022image\/jpeg\u0022 width=\u0022153\u0022 height=\u0022242\u0022\/\u003E\n                  \u003Csource srcset=\u0022\/sites\/default\/files\/styles\/teaser_standard__l\/public\/ulmer\/de-bm\/image\/binarydata_big_262964.jpg?itok=Y4RZ4s9g 1x\u0022 media=\u0022(min-width: 64.0625em)\u0022 type=\u0022image\/jpeg\u0022 width=\u002296\u0022 height=\u0022152\u0022\/\u003E\n                          \u003Cimg loading=\u0022eager\u0022 data-caption-hide width=\u0022252\u0022 height=\u0022398\u0022 data-zoomed=\u0022https:\/\/www.baumetall.de\/sites\/default\/files\/styles\/content__zoomed\/public\/ulmer\/de-bm\/image\/binarydata_big_262964.jpg?itok=_PJPYX3n\u0022 src=\u0022\/sites\/default\/files\/styles\/teaser_standard__s\/public\/ulmer\/de-bm\/image\/binarydata_big_262964.jpg?itok=aFSkAXa_\u0022 alt=\u0022\u0022 \/\u003E\n\n    \u003C\/picture\u003E\n    \n\n    \u003C\/div\u003E\n    \u003Cdiv class=\u0022teaser-content\u0022\u003E\n                    \u003Cdiv class=\u0022teaser-content--kicker\u0022\u003E\n                    \n        \u003C\/div\u003E\n                                              \n                        \n        \u003Ch4 class=\u0022teaser-content--headline\u0022\u003E\n                                Wetterfahne # \n                              \u003Cspan class=\u0022headline-last-word-arrow\u0022\u003E27                      \u003C\/span\u003E\n        \u003C\/h4\u003E\n            \u003Cdiv class=\u0022teaser-content--publishing-date\u0022\u003E\u003Ctime datetime=\u00222009-11-10T06:58:10Z\u0022\u003E10.11.2009\u003C\/time\u003E\n\u003C\/div\u003E\u003Cspan class=\u0022teaser-content--publishing-date-divider\u0022\u003E - \u003C\/span\u003E\u003Cdiv class=\u0022teaser-content--body\u0022\u003E\u003Cp\u003E\u0026nbsp;\u003C\/p\u003E\n\u003Cp\u003E\u0026nbsp;\u003C\/p\u003E\n\u003Cp\u003EWetterfahne\u003Cbr\u003EZw\u00f6lfteiliger Grundk\u00f6rper mit Drahteinlage\u003Cbr\u003EMaterial: Kupfer\u003Cbr\u003EVerbindung: Falztechnik\u003Cbr\u003EDoppelkegel aus Messing als Gegengewicht, Drahteinlage, Kugellager\u003Cbr\u003E\u0026nbsp;\u003C\/p\u003E\n\u003Cp\u003E\u0026nbsp;\u003C\/p\u003E\n\u003Cp\u003E\u0026nbsp;\u003C\/p\u003E\n\u003C\/div\u003E\n                        \u003Cspan class=\u0022read-more-arrow-container\u0022\u003E\n            \u003Cspan class=\u0022read-more-angled-arrow\u0022\u003E \u003C\/span\u003E\n          \u003C\/span\u003E\n                  \u003C\/div\u003E\n    \u003C\/a\u003E\n\u003Ca href=\u0022\/meisterstuecke-2009\/stehvase-28\u0022  class=\u0022teaser teaser--standard\u0022 aria-label=\u0022Stehvase # 28\u0022\u003E\n      \u003Cdiv class=\u0022teaser-content--image\u0022\u003E\n              \u003Cpicture\u003E\n                        \u003Csource srcset=\u0022\/sites\/default\/files\/styles\/teaser_standard__m\/public\/ulmer\/de-bm\/image\/binarydata_big_262965.jpg.webp?itok=1UKHKnJx 1x\u0022 media=\u0022(min-width: 48.0625em) and (max-width: 64em)\u0022 type=\u0022image\/webp\u0022 width=\u0022161\u0022 height=\u0022242\u0022\/\u003E\n                  \u003Csource srcset=\u0022\/sites\/default\/files\/styles\/teaser_standard__l\/public\/ulmer\/de-bm\/image\/binarydata_big_262965.jpg.webp?itok=Pyc4CVnB 1x\u0022 media=\u0022(min-width: 64.0625em)\u0022 type=\u0022image\/webp\u0022 width=\u0022101\u0022 height=\u0022152\u0022\/\u003E\n                  \u003Csource srcset=\u0022\/sites\/default\/files\/styles\/teaser_standard__m\/public\/ulmer\/de-bm\/image\/binarydata_big_262965.jpg?itok=wn_hpLB_ 1x\u0022 media=\u0022(min-width: 48.0625em) and (max-width: 64em)\u0022 type=\u0022image\/jpeg\u0022 width=\u0022161\u0022 height=\u0022242\u0022\/\u003E\n                  \u003Csource srcset=\u0022\/sites\/default\/files\/styles\/teaser_standard__l\/public\/ulmer\/de-bm\/image\/binarydata_big_262965.jpg?itok=rYJAMakH 1x\u0022 media=\u0022(min-width: 64.0625em)\u0022 type=\u0022image\/jpeg\u0022 width=\u0022101\u0022 height=\u0022152\u0022\/\u003E\n                          \u003Cimg loading=\u0022eager\u0022 data-caption-hide width=\u0022265\u0022 height=\u0022398\u0022 data-zoomed=\u0022https:\/\/www.baumetall.de\/sites\/default\/files\/styles\/content__zoomed\/public\/ulmer\/de-bm\/image\/binarydata_big_262965.jpg?itok=FO35JcaZ\u0022 src=\u0022\/sites\/default\/files\/styles\/teaser_standard__s\/public\/ulmer\/de-bm\/image\/binarydata_big_262965.jpg?itok=9SLsH6Yb\u0022 alt=\u0022\u0022 \/\u003E\n\n    \u003C\/picture\u003E\n    \n\n    \u003C\/div\u003E\n    \u003Cdiv class=\u0022teaser-content\u0022\u003E\n                    \u003Cdiv class=\u0022teaser-content--kicker\u0022\u003E\n                    \n        \u003C\/div\u003E\n                                              \n                        \n        \u003Ch4 class=\u0022teaser-content--headline\u0022\u003E\n                                Stehvase # \n                              \u003Cspan class=\u0022headline-last-word-arrow\u0022\u003E28                      \u003C\/span\u003E\n        \u003C\/h4\u003E\n            \u003Cdiv class=\u0022teaser-content--publishing-date\u0022\u003E\u003Ctime datetime=\u00222009-11-10T06:58:25Z\u0022\u003E10.11.2009\u003C\/time\u003E\n\u003C\/div\u003E\u003Cspan class=\u0022teaser-content--publishing-date-divider\u0022\u003E - \u003C\/span\u003E\u003Cdiv class=\u0022teaser-content--body\u0022\u003E\u003Cp\u003E\u0026nbsp;\u003C\/p\u003E\n\u003Cp\u003EStehvase\u003Cbr\u003EZw\u00f6lfteiliger Grundk\u00f6rper mitaufgesetztem Rohrabschluss\u003Cbr\u003EMaterial: Titanzink, Kupfer\u003Cbr\u003EVerbindung: L\u00f6ttechnik\u003Cbr\u003E\u0026nbsp;\u003C\/p\u003E\n\u003Cp\u003E\u0026nbsp;\u003C\/p\u003E\n\u003C\/div\u003E\n                        \u003Cspan class=\u0022read-more-arrow-container\u0022\u003E\n            \u003Cspan class=\u0022read-more-angled-arrow\u0022\u003E \u003C\/span\u003E\n          \u003C\/span\u003E\n                  \u003C\/div\u003E\n    \u003C\/a\u003E\n\u003Ca href=\u0022\/meisterstuecke-2009\/turmspitze-29\u0022  class=\u0022teaser teaser--standard\u0022 aria-label=\u0022Turmspitze # 29\u0022\u003E\n      \u003Cdiv class=\u0022teaser-content--image\u0022\u003E\n              \u003Cpicture\u003E\n                        \u003Csource srcset=\u0022\/sites\/default\/files\/styles\/teaser_standard__m\/public\/ulmer\/de-bm\/image\/binarydata_big_262966.jpg.webp?itok=743AWXjz 1x\u0022 media=\u0022(min-width: 48.0625em) and (max-width: 64em)\u0022 type=\u0022image\/webp\u0022 width=\u0022161\u0022 height=\u0022242\u0022\/\u003E\n                  \u003Csource srcset=\u0022\/sites\/default\/files\/styles\/teaser_standard__l\/public\/ulmer\/de-bm\/image\/binarydata_big_262966.jpg.webp?itok=e3UTcFeV 1x\u0022 media=\u0022(min-width: 64.0625em)\u0022 type=\u0022image\/webp\u0022 width=\u0022101\u0022 height=\u0022152\u0022\/\u003E\n                  \u003Csource srcset=\u0022\/sites\/default\/files\/styles\/teaser_standard__m\/public\/ulmer\/de-bm\/image\/binarydata_big_262966.jpg?itok=lZqHZ7wy 1x\u0022 media=\u0022(min-width: 48.0625em) and (max-width: 64em)\u0022 type=\u0022image\/jpeg\u0022 width=\u0022161\u0022 height=\u0022242\u0022\/\u003E\n                  \u003Csource srcset=\u0022\/sites\/default\/files\/styles\/teaser_standard__l\/public\/ulmer\/de-bm\/image\/binarydata_big_262966.jpg?itok=HE0Ln08i 1x\u0022 media=\u0022(min-width: 64.0625em)\u0022 type=\u0022image\/jpeg\u0022 width=\u0022101\u0022 height=\u0022152\u0022\/\u003E\n                          \u003Cimg loading=\u0022eager\u0022 data-caption-hide width=\u0022265\u0022 height=\u0022398\u0022 data-zoomed=\u0022https:\/\/www.baumetall.de\/sites\/default\/files\/styles\/content__zoomed\/public\/ulmer\/de-bm\/image\/binarydata_big_262966.jpg?itok=gA1HJq5R\u0022 src=\u0022\/sites\/default\/files\/styles\/teaser_standard__s\/public\/ulmer\/de-bm\/image\/binarydata_big_262966.jpg?itok=0o21pde8\u0022 alt=\u0022\u0022 \/\u003E\n\n    \u003C\/picture\u003E\n    \n\n    \u003C\/div\u003E\n    \u003Cdiv class=\u0022teaser-content\u0022\u003E\n                    \u003Cdiv class=\u0022teaser-content--kicker\u0022\u003E\n                    \n        \u003C\/div\u003E\n                                              \n                        \n        \u003Ch4 class=\u0022teaser-content--headline\u0022\u003E\n                                Turmspitze # \n                              \u003Cspan class=\u0022headline-last-word-arrow\u0022\u003E29                      \u003C\/span\u003E\n        \u003C\/h4\u003E\n            \u003Cdiv class=\u0022teaser-content--publishing-date\u0022\u003E\u003Ctime datetime=\u00222009-11-10T06:58:39Z\u0022\u003E10.11.2009\u003C\/time\u003E\n\u003C\/div\u003E\u003Cspan class=\u0022teaser-content--publishing-date-divider\u0022\u003E - \u003C\/span\u003E\u003Cdiv class=\u0022teaser-content--body\u0022\u003E\u003Cp\u003E\u0026nbsp;\u003C\/p\u003E\n\u003Cp\u003ETurmspitze\u003Cbr\u003EDrehbare Wetterfahne auf Granitsockel\u003Cbr\u003EMaterial: Titanzink, Messing, Edelstahl\u003Cbr\u003EVerbindung: L\u00f6t- undSchraubtechnik\u003Cbr\u003Ez.T. vorgefertigte Elemente, Innenteile aus Messing\u003C\/p\u003E\n\u003Cp\u003E\u0026nbsp;\u003C\/p\u003E\n\u003C\/div\u003E\n                        \u003Cspan class=\u0022read-more-arrow-container\u0022\u003E\n            \u003Cspan class=\u0022read-more-angled-arrow\u0022\u003E \u003C\/span\u003E\n          \u003C\/span\u003E\n                  \u003C\/div\u003E\n    \u003C\/a\u003E\n","entity_type":"node","used_ids":[""],"show_more":"\u003Cdiv class=\u0022del-show-more\u0022\u003E\u003Ca href=\u0022\/ajax\/del\/da7a02a5-dae7-4b54-becd-0ed7cd9743cd\/paragraph\/16\/15\/asc\/eyJub2RlIjp7ImlkIjoiNTc3NzQiLCJ0eXBlIjoicGFnZSJ9fQ%3D%3D\u0022 title=\u0022Mehr Elemente anzeigen\u0022 class=\u0022del-show-more-link use-ajax\u0022 rel=\u0022nofollow\u0022 data-target-type=\u0022node\u0022 aria-controls=\u0022del--paragraph-258655--content\u0022 aria-label=\u0022Mehr Elemente anzeigen\u0022\u003EMehr anzeigen\u003C\/a\u003E\u003C\/div\u003E\n"}]