[{"command":"settings","settings":{"pluralDelimiter":"\u0003","suppressDeprecationErrors":true,"ajaxPageState":{"libraries":"eJxLzi9K1S_ITC4pLUpNy8zJ0UmpzEvMzUyOT80rySypjM_JLC7RL87IL4_PBaoEALH_EqY","theme":"ivory","theme_token":null},"ajaxTrustedUrl":[],"user":{"uid":0,"permissionsHash":"9c975576f1b96e43d31b3ff34c1ca6b53b6096ff14d83974ef00f2d68011e8fb"}},"merge":true},{"command":"add_css","data":[{"rel":"stylesheet","media":"all","href":"\/core\/themes\/stable9\/css\/core\/components\/progress.module.css?te7139"},{"rel":"stylesheet","media":"all","href":"\/core\/themes\/stable9\/css\/core\/components\/ajax-progress.module.css?te7139"},{"rel":"stylesheet","media":"all","href":"\/themes\/contrib\/gin\/dist\/css\/components\/ajax.css?te7139"}]},{"command":"add_js","selector":"body","data":[{"src":"\/core\/assets\/vendor\/jquery\/jquery.min.js?v=4.0.0"},{"src":"\/sites\/default\/files\/js\/js_vZHPysHCgnEP2IP4kU6fYJyvPKSDJOqPSndg5yWEofc.js?scope=footer\u0026delta=1\u0026language=de-bm\u0026theme=ivory\u0026include=eJxLqcxLzM1Mjk_NK8ksqYzPySwu0S_OyC-Pz80vSgUAtBcL_w"}]},{"command":"showMoreTeasers","id":"del--paragraph-258653","content":"\u003Ca href=\u0022\/meisterstuecke-2011\/spengler-laterne-30\u0022  class=\u0022teaser teaser--standard\u0022 aria-label=\u0022Spengler-Laterne #30\u0022\u003E\n      \u003Cdiv class=\u0022teaser-content--image\u0022\u003E\n              \u003Cpicture\u003E\n                        \u003Csource srcset=\u0022\/sites\/default\/files\/styles\/teaser_standard__m\/public\/ulmer\/de-bm\/image\/binarydata_big_337104.jpg.webp?itok=DPiUttYU 1x\u0022 media=\u0022(min-width: 48.0625em) and (max-width: 64em)\u0022 type=\u0022image\/webp\u0022 width=\u0022161\u0022 height=\u0022242\u0022\/\u003E\n                  \u003Csource srcset=\u0022\/sites\/default\/files\/styles\/teaser_standard__l\/public\/ulmer\/de-bm\/image\/binarydata_big_337104.jpg.webp?itok=TGISwzwJ 1x\u0022 media=\u0022(min-width: 64.0625em)\u0022 type=\u0022image\/webp\u0022 width=\u0022101\u0022 height=\u0022152\u0022\/\u003E\n                  \u003Csource srcset=\u0022\/sites\/default\/files\/styles\/teaser_standard__m\/public\/ulmer\/de-bm\/image\/binarydata_big_337104.jpg?itok=z5xZhiwv 1x\u0022 media=\u0022(min-width: 48.0625em) and (max-width: 64em)\u0022 type=\u0022image\/jpeg\u0022 width=\u0022161\u0022 height=\u0022242\u0022\/\u003E\n                  \u003Csource srcset=\u0022\/sites\/default\/files\/styles\/teaser_standard__l\/public\/ulmer\/de-bm\/image\/binarydata_big_337104.jpg?itok=5ybmR7Tt 1x\u0022 media=\u0022(min-width: 64.0625em)\u0022 type=\u0022image\/jpeg\u0022 width=\u0022101\u0022 height=\u0022152\u0022\/\u003E\n                          \u003Cimg loading=\u0022eager\u0022 data-caption-hide width=\u0022265\u0022 height=\u0022398\u0022 data-zoomed=\u0022https:\/\/www.baumetall.de\/sites\/default\/files\/styles\/content__zoomed\/public\/ulmer\/de-bm\/image\/binarydata_big_337104.jpg?itok=dCPahAM_\u0022 src=\u0022\/sites\/default\/files\/styles\/teaser_standard__s\/public\/ulmer\/de-bm\/image\/binarydata_big_337104.jpg?itok=ah1Isz9O\u0022 alt=\u0022\u0022 \/\u003E\n\n    \u003C\/picture\u003E\n    \n\n    \u003C\/div\u003E\n    \u003Cdiv class=\u0022teaser-content\u0022\u003E\n                    \u003Cdiv class=\u0022teaser-content--kicker\u0022\u003E\n                    \n        \u003C\/div\u003E\n                                              \n                        \n        \u003Ch4 class=\u0022teaser-content--headline\u0022\u003E\n                                Spengler-Laterne \n                              \u003Cspan class=\u0022headline-last-word-arrow\u0022\u003E#30                      \u003C\/span\u003E\n        \u003C\/h4\u003E\n            \u003Cdiv class=\u0022teaser-content--publishing-date\u0022\u003E\u003Ctime datetime=\u00222011-11-14T13:04:55Z\u0022\u003E14.11.2011\u003C\/time\u003E\n\u003C\/div\u003E\u003Cspan class=\u0022teaser-content--publishing-date-divider\u0022\u003E - \u003C\/span\u003E\u003Cdiv class=\u0022teaser-content--body\u0022\u003E\u003Cp\u003E\u0026nbsp;\u003C\/p\u003E\n\u003Cp\u003ESpengler-Laterne\u003Cbr\u003EFiligraner, konkav\/konvex geschwungener Lampenk\u00f6rper mit diversen Verzierungen\u003Cbr\u003EMaterial: Titanzink vorbewittert schiefergrau\u003Cbr\u003EVerarbeitung: L\u00f6ttechnik\u003C\/p\u003E\n\u003C\/div\u003E\n                        \u003Cspan class=\u0022read-more-arrow-container\u0022\u003E\n            \u003Cspan class=\u0022read-more-angled-arrow\u0022\u003E \u003C\/span\u003E\n          \u003C\/span\u003E\n                  \u003C\/div\u003E\n    \u003C\/a\u003E\n\u003Ca href=\u0022\/meisterstuecke-2011\/zierbrunnen-29\u0022  class=\u0022teaser teaser--standard\u0022 aria-label=\u0022Zierbrunnen #29\u0022\u003E\n      \u003Cdiv class=\u0022teaser-content--image\u0022\u003E\n              \u003Cpicture\u003E\n                        \u003Csource srcset=\u0022\/sites\/default\/files\/styles\/teaser_standard__m\/public\/ulmer\/de-bm\/image\/binarydata_big_337103.jpg.webp?itok=KGOJ4CkU 1x\u0022 media=\u0022(min-width: 48.0625em) and (max-width: 64em)\u0022 type=\u0022image\/webp\u0022 width=\u0022161\u0022 height=\u0022242\u0022\/\u003E\n                  \u003Csource srcset=\u0022\/sites\/default\/files\/styles\/teaser_standard__l\/public\/ulmer\/de-bm\/image\/binarydata_big_337103.jpg.webp?itok=PM9Bx48W 1x\u0022 media=\u0022(min-width: 64.0625em)\u0022 type=\u0022image\/webp\u0022 width=\u0022101\u0022 height=\u0022152\u0022\/\u003E\n                  \u003Csource srcset=\u0022\/sites\/default\/files\/styles\/teaser_standard__m\/public\/ulmer\/de-bm\/image\/binarydata_big_337103.jpg?itok=sMRBtFir 1x\u0022 media=\u0022(min-width: 48.0625em) and (max-width: 64em)\u0022 type=\u0022image\/jpeg\u0022 width=\u0022161\u0022 height=\u0022242\u0022\/\u003E\n                  \u003Csource srcset=\u0022\/sites\/default\/files\/styles\/teaser_standard__l\/public\/ulmer\/de-bm\/image\/binarydata_big_337103.jpg?itok=kAlF1q-y 1x\u0022 media=\u0022(min-width: 64.0625em)\u0022 type=\u0022image\/jpeg\u0022 width=\u0022101\u0022 height=\u0022152\u0022\/\u003E\n                          \u003Cimg loading=\u0022eager\u0022 data-caption-hide width=\u0022265\u0022 height=\u0022398\u0022 data-zoomed=\u0022https:\/\/www.baumetall.de\/sites\/default\/files\/styles\/content__zoomed\/public\/ulmer\/de-bm\/image\/binarydata_big_337103.jpg?itok=hpfhE-kO\u0022 src=\u0022\/sites\/default\/files\/styles\/teaser_standard__s\/public\/ulmer\/de-bm\/image\/binarydata_big_337103.jpg?itok=EU3e6fzr\u0022 alt=\u0022\u0022 \/\u003E\n\n    \u003C\/picture\u003E\n    \n\n    \u003C\/div\u003E\n    \u003Cdiv class=\u0022teaser-content\u0022\u003E\n                    \u003Cdiv class=\u0022teaser-content--kicker\u0022\u003E\n                    \n        \u003C\/div\u003E\n                                              \n                        \n        \u003Ch4 class=\u0022teaser-content--headline\u0022\u003E\n                                Zierbrunnen \n                              \u003Cspan class=\u0022headline-last-word-arrow\u0022\u003E#29                      \u003C\/span\u003E\n        \u003C\/h4\u003E\n            \u003Cdiv class=\u0022teaser-content--publishing-date\u0022\u003E\u003Ctime datetime=\u00222011-11-14T13:04:49Z\u0022\u003E14.11.2011\u003C\/time\u003E\n\u003C\/div\u003E\u003Cspan class=\u0022teaser-content--publishing-date-divider\u0022\u003E - \u003C\/span\u003E\u003Cdiv class=\u0022teaser-content--body\u0022\u003E\u003Cp\u003E\u0026nbsp;\u003C\/p\u003E\n\u003Cp\u003EZierbrunnen\u003Cbr\u003EKegelf\u00f6rmige S\u00e4ule mit schneckenf\u00f6rmig gefalztem Wasserlauf\u003Cbr\u003EMaterial: Kupfer und Messing\u003Cbr\u003EVerarbeitung: Falz- und L\u00f6ttechnik\u003C\/p\u003E\n\u003C\/div\u003E\n                        \u003Cspan class=\u0022read-more-arrow-container\u0022\u003E\n            \u003Cspan class=\u0022read-more-angled-arrow\u0022\u003E \u003C\/span\u003E\n          \u003C\/span\u003E\n                  \u003C\/div\u003E\n    \u003C\/a\u003E\n\u003Ca href=\u0022\/meisterstuecke-2011\/lebenspokal-28\u0022  class=\u0022teaser teaser--standard\u0022 aria-label=\u0022Lebenspokal #28\u0022\u003E\n      \u003Cdiv class=\u0022teaser-content--image\u0022\u003E\n              \u003Cpicture\u003E\n                        \u003Csource srcset=\u0022\/sites\/default\/files\/styles\/teaser_standard__m\/public\/ulmer\/de-bm\/image\/binarydata_big_337102.jpg.webp?itok=pok3xgK9 1x\u0022 media=\u0022(min-width: 48.0625em) and (max-width: 64em)\u0022 type=\u0022image\/webp\u0022 width=\u0022161\u0022 height=\u0022242\u0022\/\u003E\n                  \u003Csource srcset=\u0022\/sites\/default\/files\/styles\/teaser_standard__l\/public\/ulmer\/de-bm\/image\/binarydata_big_337102.jpg.webp?itok=tr5KsYzn 1x\u0022 media=\u0022(min-width: 64.0625em)\u0022 type=\u0022image\/webp\u0022 width=\u0022101\u0022 height=\u0022152\u0022\/\u003E\n                  \u003Csource srcset=\u0022\/sites\/default\/files\/styles\/teaser_standard__m\/public\/ulmer\/de-bm\/image\/binarydata_big_337102.jpg?itok=Tlp2xYQB 1x\u0022 media=\u0022(min-width: 48.0625em) and (max-width: 64em)\u0022 type=\u0022image\/jpeg\u0022 width=\u0022161\u0022 height=\u0022242\u0022\/\u003E\n                  \u003Csource srcset=\u0022\/sites\/default\/files\/styles\/teaser_standard__l\/public\/ulmer\/de-bm\/image\/binarydata_big_337102.jpg?itok=dLCpdfS4 1x\u0022 media=\u0022(min-width: 64.0625em)\u0022 type=\u0022image\/jpeg\u0022 width=\u0022101\u0022 height=\u0022152\u0022\/\u003E\n                          \u003Cimg loading=\u0022eager\u0022 data-caption-hide width=\u0022265\u0022 height=\u0022398\u0022 data-zoomed=\u0022https:\/\/www.baumetall.de\/sites\/default\/files\/styles\/content__zoomed\/public\/ulmer\/de-bm\/image\/binarydata_big_337102.jpg?itok=lER6WdEh\u0022 src=\u0022\/sites\/default\/files\/styles\/teaser_standard__s\/public\/ulmer\/de-bm\/image\/binarydata_big_337102.jpg?itok=aYECjO1w\u0022 alt=\u0022\u0022 \/\u003E\n\n    \u003C\/picture\u003E\n    \n\n    \u003C\/div\u003E\n    \u003Cdiv class=\u0022teaser-content\u0022\u003E\n                    \u003Cdiv class=\u0022teaser-content--kicker\u0022\u003E\n                    \n        \u003C\/div\u003E\n                                              \n                        \n        \u003Ch4 class=\u0022teaser-content--headline\u0022\u003E\n                                Lebenspokal \n                              \u003Cspan class=\u0022headline-last-word-arrow\u0022\u003E#28                      \u003C\/span\u003E\n        \u003C\/h4\u003E\n            \u003Cdiv class=\u0022teaser-content--publishing-date\u0022\u003E\u003Ctime datetime=\u00222011-11-14T13:04:43Z\u0022\u003E14.11.2011\u003C\/time\u003E\n\u003C\/div\u003E\u003Cspan class=\u0022teaser-content--publishing-date-divider\u0022\u003E - \u003C\/span\u003E\u003Cdiv class=\u0022teaser-content--body\u0022\u003E\u003Cp\u003E\u0026nbsp;\u003C\/p\u003E\n\u003Cp\u003ELebenspokal\u003Cbr\u003EK\u00f6rper aus verdreht angeordneten, sich verj\u00fcngenden Segmenten\u003Cbr\u003EMaterial: Kupfer und Messing\u003Cbr\u003EVerarbeitung: Falz-, L\u00f6t-, und Schwei\u00dftechnik\u003C\/p\u003E\n\u003C\/div\u003E\n                        \u003Cspan class=\u0022read-more-arrow-container\u0022\u003E\n            \u003Cspan class=\u0022read-more-angled-arrow\u0022\u003E \u003C\/span\u003E\n          \u003C\/span\u003E\n                  \u003C\/div\u003E\n    \u003C\/a\u003E\n\u003Ca href=\u0022\/meisterstuecke-2011\/blumenvase-27\u0022  class=\u0022teaser teaser--standard\u0022 aria-label=\u0022Blumenvase #27\u0022\u003E\n      \u003Cdiv class=\u0022teaser-content--image\u0022\u003E\n              \u003Cpicture\u003E\n                        \u003Csource srcset=\u0022\/sites\/default\/files\/styles\/teaser_standard__m\/public\/ulmer\/de-bm\/image\/binarydata_big_337101.jpg.webp?itok=mDdULZts 1x\u0022 media=\u0022(min-width: 48.0625em) and (max-width: 64em)\u0022 type=\u0022image\/webp\u0022 width=\u0022161\u0022 height=\u0022242\u0022\/\u003E\n                  \u003Csource srcset=\u0022\/sites\/default\/files\/styles\/teaser_standard__l\/public\/ulmer\/de-bm\/image\/binarydata_big_337101.jpg.webp?itok=rP6r7D_q 1x\u0022 media=\u0022(min-width: 64.0625em)\u0022 type=\u0022image\/webp\u0022 width=\u0022101\u0022 height=\u0022152\u0022\/\u003E\n                  \u003Csource srcset=\u0022\/sites\/default\/files\/styles\/teaser_standard__m\/public\/ulmer\/de-bm\/image\/binarydata_big_337101.jpg?itok=Br2uYKpJ 1x\u0022 media=\u0022(min-width: 48.0625em) and (max-width: 64em)\u0022 type=\u0022image\/jpeg\u0022 width=\u0022161\u0022 height=\u0022242\u0022\/\u003E\n                  \u003Csource srcset=\u0022\/sites\/default\/files\/styles\/teaser_standard__l\/public\/ulmer\/de-bm\/image\/binarydata_big_337101.jpg?itok=7cLOJ1di 1x\u0022 media=\u0022(min-width: 64.0625em)\u0022 type=\u0022image\/jpeg\u0022 width=\u0022101\u0022 height=\u0022152\u0022\/\u003E\n                          \u003Cimg loading=\u0022eager\u0022 data-caption-hide width=\u0022265\u0022 height=\u0022398\u0022 data-zoomed=\u0022https:\/\/www.baumetall.de\/sites\/default\/files\/styles\/content__zoomed\/public\/ulmer\/de-bm\/image\/binarydata_big_337101.jpg?itok=PlE34G0G\u0022 src=\u0022\/sites\/default\/files\/styles\/teaser_standard__s\/public\/ulmer\/de-bm\/image\/binarydata_big_337101.jpg?itok=7aGjELnH\u0022 alt=\u0022\u0022 \/\u003E\n\n    \u003C\/picture\u003E\n    \n\n    \u003C\/div\u003E\n    \u003Cdiv class=\u0022teaser-content\u0022\u003E\n                    \u003Cdiv class=\u0022teaser-content--kicker\u0022\u003E\n                    \n        \u003C\/div\u003E\n                                              \n                        \n        \u003Ch4 class=\u0022teaser-content--headline\u0022\u003E\n                                Blumenvase \n                              \u003Cspan class=\u0022headline-last-word-arrow\u0022\u003E#27                      \u003C\/span\u003E\n        \u003C\/h4\u003E\n            \u003Cdiv class=\u0022teaser-content--publishing-date\u0022\u003E\u003Ctime datetime=\u00222011-11-14T13:04:36Z\u0022\u003E14.11.2011\u003C\/time\u003E\n\u003C\/div\u003E\u003Cspan class=\u0022teaser-content--publishing-date-divider\u0022\u003E - \u003C\/span\u003E\u003Cdiv class=\u0022teaser-content--body\u0022\u003E\u003Cp\u003E\u0026nbsp;\u003C\/p\u003E\n\u003Cp\u003EBlumenvase\u003Cbr\u003EKonkav\/konvexer Vasen-K\u00f6rper mit bl\u00fcten\u00e4hnlichem Abschluss und blattf\u00f6rmigem Sockel\u003Cbr\u003EMaterial: Titanzink\u003Cbr\u003EVerarbeitung: L\u00f6ttechnik\u003C\/p\u003E\n\u003C\/div\u003E\n                        \u003Cspan class=\u0022read-more-arrow-container\u0022\u003E\n            \u003Cspan class=\u0022read-more-angled-arrow\u0022\u003E \u003C\/span\u003E\n          \u003C\/span\u003E\n                  \u003C\/div\u003E\n    \u003C\/a\u003E\n\u003Ca href=\u0022\/meisterstuecke-2011\/turmdach-mit-stern-26\u0022  class=\u0022teaser teaser--standard\u0022 aria-label=\u0022Turmdach mit Stern #26\u0022\u003E\n      \u003Cdiv class=\u0022teaser-content--image\u0022\u003E\n              \u003Cpicture\u003E\n                        \u003Csource srcset=\u0022\/sites\/default\/files\/styles\/teaser_standard__m\/public\/ulmer\/de-bm\/image\/binarydata_big_337100.jpg.webp?itok=uZvydaMI 1x\u0022 media=\u0022(min-width: 48.0625em) and (max-width: 64em)\u0022 type=\u0022image\/webp\u0022 width=\u0022161\u0022 height=\u0022242\u0022\/\u003E\n                  \u003Csource srcset=\u0022\/sites\/default\/files\/styles\/teaser_standard__l\/public\/ulmer\/de-bm\/image\/binarydata_big_337100.jpg.webp?itok=rulgfrrV 1x\u0022 media=\u0022(min-width: 64.0625em)\u0022 type=\u0022image\/webp\u0022 width=\u0022101\u0022 height=\u0022152\u0022\/\u003E\n                  \u003Csource srcset=\u0022\/sites\/default\/files\/styles\/teaser_standard__m\/public\/ulmer\/de-bm\/image\/binarydata_big_337100.jpg?itok=X1MjMCk_ 1x\u0022 media=\u0022(min-width: 48.0625em) and (max-width: 64em)\u0022 type=\u0022image\/jpeg\u0022 width=\u0022161\u0022 height=\u0022242\u0022\/\u003E\n                  \u003Csource srcset=\u0022\/sites\/default\/files\/styles\/teaser_standard__l\/public\/ulmer\/de-bm\/image\/binarydata_big_337100.jpg?itok=OBNLALjY 1x\u0022 media=\u0022(min-width: 64.0625em)\u0022 type=\u0022image\/jpeg\u0022 width=\u0022101\u0022 height=\u0022152\u0022\/\u003E\n                          \u003Cimg loading=\u0022eager\u0022 data-caption-hide width=\u0022265\u0022 height=\u0022398\u0022 data-zoomed=\u0022https:\/\/www.baumetall.de\/sites\/default\/files\/styles\/content__zoomed\/public\/ulmer\/de-bm\/image\/binarydata_big_337100.jpg?itok=tT72kbcB\u0022 src=\u0022\/sites\/default\/files\/styles\/teaser_standard__s\/public\/ulmer\/de-bm\/image\/binarydata_big_337100.jpg?itok=onQZeQm2\u0022 alt=\u0022\u0022 \/\u003E\n\n    \u003C\/picture\u003E\n    \n\n    \u003C\/div\u003E\n    \u003Cdiv class=\u0022teaser-content\u0022\u003E\n                    \u003Cdiv class=\u0022teaser-content--kicker\u0022\u003E\n                    \n        \u003C\/div\u003E\n                                              \n                        \n        \u003Ch4 class=\u0022teaser-content--headline\u0022\u003E\n                                Turmdach mit Stern \n                              \u003Cspan class=\u0022headline-last-word-arrow\u0022\u003E#26                      \u003C\/span\u003E\n        \u003C\/h4\u003E\n            \u003Cdiv class=\u0022teaser-content--publishing-date\u0022\u003E\u003Ctime datetime=\u00222011-11-14T13:04:29Z\u0022\u003E14.11.2011\u003C\/time\u003E\n\u003C\/div\u003E\u003Cspan class=\u0022teaser-content--publishing-date-divider\u0022\u003E - \u003C\/span\u003E\u003Cdiv class=\u0022teaser-content--body\u0022\u003E\u003Cp\u003E\u0026nbsp;\u003C\/p\u003E\n\u003Cp\u003ETurmdach mit Stern\u003Cbr\u003EGeschwungenes Titanzink-Turmdach mit Turmdachspitze und filigraner Falzverbindung\u003Cbr\u003EMaterial: Titanzink\u003Cbr\u003EVerarbeitung: Falz- und L\u00f6ttechnik\u003C\/p\u003E\n\u003C\/div\u003E\n                        \u003Cspan class=\u0022read-more-arrow-container\u0022\u003E\n            \u003Cspan class=\u0022read-more-angled-arrow\u0022\u003E \u003C\/span\u003E\n          \u003C\/span\u003E\n                  \u003C\/div\u003E\n    \u003C\/a\u003E\n\u003Ca href=\u0022\/meisterstuecke-2011\/kupfer-brunnen-25\u0022  class=\u0022teaser teaser--standard\u0022 aria-label=\u0022Kupfer-Brunnen #25\u0022\u003E\n      \u003Cdiv class=\u0022teaser-content--image\u0022\u003E\n              \u003Cpicture\u003E\n                        \u003Csource srcset=\u0022\/sites\/default\/files\/styles\/teaser_standard__m\/public\/ulmer\/de-bm\/image\/binarydata_big_337099.jpg.webp?itok=CQEVfRgS 1x\u0022 media=\u0022(min-width: 48.0625em) and (max-width: 64em)\u0022 type=\u0022image\/webp\u0022 width=\u0022161\u0022 height=\u0022242\u0022\/\u003E\n                  \u003Csource srcset=\u0022\/sites\/default\/files\/styles\/teaser_standard__l\/public\/ulmer\/de-bm\/image\/binarydata_big_337099.jpg.webp?itok=gzLBHxDK 1x\u0022 media=\u0022(min-width: 64.0625em)\u0022 type=\u0022image\/webp\u0022 width=\u0022101\u0022 height=\u0022152\u0022\/\u003E\n                  \u003Csource srcset=\u0022\/sites\/default\/files\/styles\/teaser_standard__m\/public\/ulmer\/de-bm\/image\/binarydata_big_337099.jpg?itok=WD47Kye- 1x\u0022 media=\u0022(min-width: 48.0625em) and (max-width: 64em)\u0022 type=\u0022image\/jpeg\u0022 width=\u0022161\u0022 height=\u0022242\u0022\/\u003E\n                  \u003Csource srcset=\u0022\/sites\/default\/files\/styles\/teaser_standard__l\/public\/ulmer\/de-bm\/image\/binarydata_big_337099.jpg?itok=L4MdpT5D 1x\u0022 media=\u0022(min-width: 64.0625em)\u0022 type=\u0022image\/jpeg\u0022 width=\u0022101\u0022 height=\u0022152\u0022\/\u003E\n                          \u003Cimg loading=\u0022eager\u0022 data-caption-hide width=\u0022265\u0022 height=\u0022398\u0022 data-zoomed=\u0022https:\/\/www.baumetall.de\/sites\/default\/files\/styles\/content__zoomed\/public\/ulmer\/de-bm\/image\/binarydata_big_337099.jpg?itok=o-V9j3Zu\u0022 src=\u0022\/sites\/default\/files\/styles\/teaser_standard__s\/public\/ulmer\/de-bm\/image\/binarydata_big_337099.jpg?itok=r9orhe0G\u0022 alt=\u0022\u0022 \/\u003E\n\n    \u003C\/picture\u003E\n    \n\n    \u003C\/div\u003E\n    \u003Cdiv class=\u0022teaser-content\u0022\u003E\n                    \u003Cdiv class=\u0022teaser-content--kicker\u0022\u003E\n                    \n        \u003C\/div\u003E\n                                              \n                        \n        \u003Ch4 class=\u0022teaser-content--headline\u0022\u003E\n                                Kupfer-Brunnen \n                              \u003Cspan class=\u0022headline-last-word-arrow\u0022\u003E#25                      \u003C\/span\u003E\n        \u003C\/h4\u003E\n            \u003Cdiv class=\u0022teaser-content--publishing-date\u0022\u003E\u003Ctime datetime=\u00222011-11-14T13:04:22Z\u0022\u003E14.11.2011\u003C\/time\u003E\n\u003C\/div\u003E\u003Cspan class=\u0022teaser-content--publishing-date-divider\u0022\u003E - \u003C\/span\u003E\u003Cdiv class=\u0022teaser-content--body\u0022\u003E\u003Cp\u003E\u0026nbsp;\u003C\/p\u003E\n\u003Cp\u003EKupfer-Brunnen\u003Cbr\u003EHandgetriebenes Innenbecken mit gefalzter Au\u00dfenbekleidung und diversen Verzierungen\u003Cbr\u003EMaterial: Kupfer\u003Cbr\u003EVerarbeitung: Falztechnik\u003C\/p\u003E\n\u003C\/div\u003E\n                        \u003Cspan class=\u0022read-more-arrow-container\u0022\u003E\n            \u003Cspan class=\u0022read-more-angled-arrow\u0022\u003E \u003C\/span\u003E\n          \u003C\/span\u003E\n                  \u003C\/div\u003E\n    \u003C\/a\u003E\n\u003Ca href=\u0022\/meisterstuecke-2011\/pagodendach-24\u0022  class=\u0022teaser teaser--standard\u0022 aria-label=\u0022Pagodendach #24\u0022\u003E\n      \u003Cdiv class=\u0022teaser-content--image\u0022\u003E\n              \u003Cpicture\u003E\n                        \u003Csource srcset=\u0022\/sites\/default\/files\/styles\/teaser_standard__m\/public\/ulmer\/de-bm\/image\/binarydata_big_337098.jpg.webp?itok=MYf1cLZJ 1x\u0022 media=\u0022(min-width: 48.0625em) and (max-width: 64em)\u0022 type=\u0022image\/webp\u0022 width=\u0022161\u0022 height=\u0022242\u0022\/\u003E\n                  \u003Csource srcset=\u0022\/sites\/default\/files\/styles\/teaser_standard__l\/public\/ulmer\/de-bm\/image\/binarydata_big_337098.jpg.webp?itok=AgWz4poM 1x\u0022 media=\u0022(min-width: 64.0625em)\u0022 type=\u0022image\/webp\u0022 width=\u0022101\u0022 height=\u0022152\u0022\/\u003E\n                  \u003Csource srcset=\u0022\/sites\/default\/files\/styles\/teaser_standard__m\/public\/ulmer\/de-bm\/image\/binarydata_big_337098.jpg?itok=NNKpWrs_ 1x\u0022 media=\u0022(min-width: 48.0625em) and (max-width: 64em)\u0022 type=\u0022image\/jpeg\u0022 width=\u0022161\u0022 height=\u0022242\u0022\/\u003E\n                  \u003Csource srcset=\u0022\/sites\/default\/files\/styles\/teaser_standard__l\/public\/ulmer\/de-bm\/image\/binarydata_big_337098.jpg?itok=huQZCweU 1x\u0022 media=\u0022(min-width: 64.0625em)\u0022 type=\u0022image\/jpeg\u0022 width=\u0022101\u0022 height=\u0022152\u0022\/\u003E\n                          \u003Cimg loading=\u0022eager\u0022 data-caption-hide width=\u0022265\u0022 height=\u0022398\u0022 data-zoomed=\u0022https:\/\/www.baumetall.de\/sites\/default\/files\/styles\/content__zoomed\/public\/ulmer\/de-bm\/image\/binarydata_big_337098.jpg?itok=0O1sXpV_\u0022 src=\u0022\/sites\/default\/files\/styles\/teaser_standard__s\/public\/ulmer\/de-bm\/image\/binarydata_big_337098.jpg?itok=OdLvqT71\u0022 alt=\u0022\u0022 \/\u003E\n\n    \u003C\/picture\u003E\n    \n\n    \u003C\/div\u003E\n    \u003Cdiv class=\u0022teaser-content\u0022\u003E\n                    \u003Cdiv class=\u0022teaser-content--kicker\u0022\u003E\n                    \n        \u003C\/div\u003E\n                                              \n                        \n        \u003Ch4 class=\u0022teaser-content--headline\u0022\u003E\n                                Pagodendach \n                              \u003Cspan class=\u0022headline-last-word-arrow\u0022\u003E#24                      \u003C\/span\u003E\n        \u003C\/h4\u003E\n            \u003Cdiv class=\u0022teaser-content--publishing-date\u0022\u003E\u003Ctime datetime=\u00222011-11-14T13:04:14Z\u0022\u003E14.11.2011\u003C\/time\u003E\n\u003C\/div\u003E\u003Cspan class=\u0022teaser-content--publishing-date-divider\u0022\u003E - \u003C\/span\u003E\u003Cdiv class=\u0022teaser-content--body\u0022\u003E\u003Cp\u003E\u0026nbsp;\u003C\/p\u003E\n\u003Cp\u003EPagodendach\u003Cbr\u003EKonkav\/konvex geschwungene Dachform mit rohrf\u00f6rmiger, ebenfalls geschwungener Falzverzierung\u003Cbr\u003EMaterial: Kupfer walzblank und patiniert\u003Cbr\u003EVerarbeitung: Falz- und Stecktechnik\u003C\/p\u003E\n\u003C\/div\u003E\n                        \u003Cspan class=\u0022read-more-arrow-container\u0022\u003E\n            \u003Cspan class=\u0022read-more-angled-arrow\u0022\u003E \u003C\/span\u003E\n          \u003C\/span\u003E\n                  \u003C\/div\u003E\n    \u003C\/a\u003E\n\u003Ca href=\u0022\/meisterstuecke-2011\/blumensaeule-23\u0022  class=\u0022teaser teaser--standard\u0022 aria-label=\u0022Blumens\u00e4ule #23\u0022\u003E\n      \u003Cdiv class=\u0022teaser-content--image\u0022\u003E\n              \u003Cpicture\u003E\n                        \u003Csource srcset=\u0022\/sites\/default\/files\/styles\/teaser_standard__m\/public\/ulmer\/de-bm\/image\/binarydata_big_337097.jpg.webp?itok=El2cRGW_ 1x\u0022 media=\u0022(min-width: 48.0625em) and (max-width: 64em)\u0022 type=\u0022image\/webp\u0022 width=\u0022161\u0022 height=\u0022242\u0022\/\u003E\n                  \u003Csource srcset=\u0022\/sites\/default\/files\/styles\/teaser_standard__l\/public\/ulmer\/de-bm\/image\/binarydata_big_337097.jpg.webp?itok=PeBSjtQu 1x\u0022 media=\u0022(min-width: 64.0625em)\u0022 type=\u0022image\/webp\u0022 width=\u0022101\u0022 height=\u0022152\u0022\/\u003E\n                  \u003Csource srcset=\u0022\/sites\/default\/files\/styles\/teaser_standard__m\/public\/ulmer\/de-bm\/image\/binarydata_big_337097.jpg?itok=z3qNw2hm 1x\u0022 media=\u0022(min-width: 48.0625em) and (max-width: 64em)\u0022 type=\u0022image\/jpeg\u0022 width=\u0022161\u0022 height=\u0022242\u0022\/\u003E\n                  \u003Csource srcset=\u0022\/sites\/default\/files\/styles\/teaser_standard__l\/public\/ulmer\/de-bm\/image\/binarydata_big_337097.jpg?itok=SFdrAI7J 1x\u0022 media=\u0022(min-width: 64.0625em)\u0022 type=\u0022image\/jpeg\u0022 width=\u0022101\u0022 height=\u0022152\u0022\/\u003E\n                          \u003Cimg loading=\u0022eager\u0022 data-caption-hide width=\u0022265\u0022 height=\u0022398\u0022 data-zoomed=\u0022https:\/\/www.baumetall.de\/sites\/default\/files\/styles\/content__zoomed\/public\/ulmer\/de-bm\/image\/binarydata_big_337097.jpg?itok=peoGdGbD\u0022 src=\u0022\/sites\/default\/files\/styles\/teaser_standard__s\/public\/ulmer\/de-bm\/image\/binarydata_big_337097.jpg?itok=pA3l-j-d\u0022 alt=\u0022\u0022 \/\u003E\n\n    \u003C\/picture\u003E\n    \n\n    \u003C\/div\u003E\n    \u003Cdiv class=\u0022teaser-content\u0022\u003E\n                    \u003Cdiv class=\u0022teaser-content--kicker\u0022\u003E\n                    \n        \u003C\/div\u003E\n                                              \n                        \n        \u003Ch4 class=\u0022teaser-content--headline\u0022\u003E\n                                Blumens\u00e4ule \n                              \u003Cspan class=\u0022headline-last-word-arrow\u0022\u003E#23                      \u003C\/span\u003E\n        \u003C\/h4\u003E\n            \u003Cdiv class=\u0022teaser-content--publishing-date\u0022\u003E\u003Ctime datetime=\u00222011-11-14T13:04:07Z\u0022\u003E14.11.2011\u003C\/time\u003E\n\u003C\/div\u003E\u003Cspan class=\u0022teaser-content--publishing-date-divider\u0022\u003E - \u003C\/span\u003E\u003Cdiv class=\u0022teaser-content--body\u0022\u003E\u003Cp\u003E\u0026nbsp;\u003C\/p\u003E\n\u003Cp\u003EBlumens\u00e4ule\u003Cbr\u003EKonkav\/konvexer geschwungener Sockel und K\u00f6rper mit Wulstabschluss. Per Tropfnaht stumpf gel\u00f6tet und nach innen gefalzt\u003Cbr\u003EMaterial: Titanzink vorbewittert schiefergrau\u003Cbr\u003EVerarbeitung: L\u00f6t- und Falztechnik\u003C\/p\u003E\n\u003C\/div\u003E\n                        \u003Cspan class=\u0022read-more-arrow-container\u0022\u003E\n            \u003Cspan class=\u0022read-more-angled-arrow\u0022\u003E \u003C\/span\u003E\n          \u003C\/span\u003E\n                  \u003C\/div\u003E\n    \u003C\/a\u003E\n\u003Ca href=\u0022\/meisterstuecke-2011\/familienwappen-22\u0022  class=\u0022teaser teaser--standard\u0022 aria-label=\u0022Familienwappen #22\u0022\u003E\n      \u003Cdiv class=\u0022teaser-content--image\u0022\u003E\n              \u003Cpicture\u003E\n                        \u003Csource srcset=\u0022\/sites\/default\/files\/styles\/teaser_standard__m\/public\/ulmer\/de-bm\/image\/binarydata_big_337096.jpg.webp?itok=7oACXMzR 1x\u0022 media=\u0022(min-width: 48.0625em) and (max-width: 64em)\u0022 type=\u0022image\/webp\u0022 width=\u0022161\u0022 height=\u0022242\u0022\/\u003E\n                  \u003Csource srcset=\u0022\/sites\/default\/files\/styles\/teaser_standard__l\/public\/ulmer\/de-bm\/image\/binarydata_big_337096.jpg.webp?itok=KVV1ZD9W 1x\u0022 media=\u0022(min-width: 64.0625em)\u0022 type=\u0022image\/webp\u0022 width=\u0022101\u0022 height=\u0022152\u0022\/\u003E\n                  \u003Csource srcset=\u0022\/sites\/default\/files\/styles\/teaser_standard__m\/public\/ulmer\/de-bm\/image\/binarydata_big_337096.jpg?itok=Uzb8TRbf 1x\u0022 media=\u0022(min-width: 48.0625em) and (max-width: 64em)\u0022 type=\u0022image\/jpeg\u0022 width=\u0022161\u0022 height=\u0022242\u0022\/\u003E\n                  \u003Csource srcset=\u0022\/sites\/default\/files\/styles\/teaser_standard__l\/public\/ulmer\/de-bm\/image\/binarydata_big_337096.jpg?itok=mcEp0hCK 1x\u0022 media=\u0022(min-width: 64.0625em)\u0022 type=\u0022image\/jpeg\u0022 width=\u0022101\u0022 height=\u0022152\u0022\/\u003E\n                          \u003Cimg loading=\u0022eager\u0022 data-caption-hide width=\u0022265\u0022 height=\u0022398\u0022 data-zoomed=\u0022https:\/\/www.baumetall.de\/sites\/default\/files\/styles\/content__zoomed\/public\/ulmer\/de-bm\/image\/binarydata_big_337096.jpg?itok=-eE0NBvK\u0022 src=\u0022\/sites\/default\/files\/styles\/teaser_standard__s\/public\/ulmer\/de-bm\/image\/binarydata_big_337096.jpg?itok=skVFWma0\u0022 alt=\u0022\u0022 \/\u003E\n\n    \u003C\/picture\u003E\n    \n\n    \u003C\/div\u003E\n    \u003Cdiv class=\u0022teaser-content\u0022\u003E\n                    \u003Cdiv class=\u0022teaser-content--kicker\u0022\u003E\n                    \n        \u003C\/div\u003E\n                                              \n                        \n        \u003Ch4 class=\u0022teaser-content--headline\u0022\u003E\n                                Familienwappen \n                              \u003Cspan class=\u0022headline-last-word-arrow\u0022\u003E#22                      \u003C\/span\u003E\n        \u003C\/h4\u003E\n            \u003Cdiv class=\u0022teaser-content--publishing-date\u0022\u003E\u003Ctime datetime=\u00222011-11-14T13:03:59Z\u0022\u003E14.11.2011\u003C\/time\u003E\n\u003C\/div\u003E\u003Cspan class=\u0022teaser-content--publishing-date-divider\u0022\u003E - \u003C\/span\u003E\u003Cdiv class=\u0022teaser-content--body\u0022\u003E\u003Cp\u003E\u0026nbsp;\u003C\/p\u003E\n\u003Cp\u003EFamilienwappen\u003Cbr\u003ETreibarbeit mit diversen Zierelementen und F\u00e4rbungen\u003Cbr\u003EMaterial: Kupfer\u003Cbr\u003EVerarbeitung: Treib- und L\u00f6ttechnik\u003C\/p\u003E\n\u003C\/div\u003E\n                        \u003Cspan class=\u0022read-more-arrow-container\u0022\u003E\n            \u003Cspan class=\u0022read-more-angled-arrow\u0022\u003E \u003C\/span\u003E\n          \u003C\/span\u003E\n                  \u003C\/div\u003E\n    \u003C\/a\u003E\n\u003Ca href=\u0022\/meisterstuecke-2011\/werbeschild-21\u0022  class=\u0022teaser teaser--standard\u0022 aria-label=\u0022Werbeschild #21\u0022\u003E\n      \u003Cdiv class=\u0022teaser-content--image\u0022\u003E\n              \u003Cpicture\u003E\n                        \u003Csource srcset=\u0022\/sites\/default\/files\/styles\/teaser_standard__m\/public\/ulmer\/de-bm\/image\/binarydata_big_337095.jpg.webp?itok=qYLGcR9p 1x\u0022 media=\u0022(min-width: 48.0625em) and (max-width: 64em)\u0022 type=\u0022image\/webp\u0022 width=\u0022161\u0022 height=\u0022242\u0022\/\u003E\n                  \u003Csource srcset=\u0022\/sites\/default\/files\/styles\/teaser_standard__l\/public\/ulmer\/de-bm\/image\/binarydata_big_337095.jpg.webp?itok=pEd4Sorq 1x\u0022 media=\u0022(min-width: 64.0625em)\u0022 type=\u0022image\/webp\u0022 width=\u0022101\u0022 height=\u0022152\u0022\/\u003E\n                  \u003Csource srcset=\u0022\/sites\/default\/files\/styles\/teaser_standard__m\/public\/ulmer\/de-bm\/image\/binarydata_big_337095.jpg?itok=Ol9LwPgx 1x\u0022 media=\u0022(min-width: 48.0625em) and (max-width: 64em)\u0022 type=\u0022image\/jpeg\u0022 width=\u0022161\u0022 height=\u0022242\u0022\/\u003E\n                  \u003Csource srcset=\u0022\/sites\/default\/files\/styles\/teaser_standard__l\/public\/ulmer\/de-bm\/image\/binarydata_big_337095.jpg?itok=V1GUs0Fn 1x\u0022 media=\u0022(min-width: 64.0625em)\u0022 type=\u0022image\/jpeg\u0022 width=\u0022101\u0022 height=\u0022152\u0022\/\u003E\n                          \u003Cimg loading=\u0022eager\u0022 data-caption-hide width=\u0022265\u0022 height=\u0022398\u0022 data-zoomed=\u0022https:\/\/www.baumetall.de\/sites\/default\/files\/styles\/content__zoomed\/public\/ulmer\/de-bm\/image\/binarydata_big_337095.jpg?itok=rFeMSFMC\u0022 src=\u0022\/sites\/default\/files\/styles\/teaser_standard__s\/public\/ulmer\/de-bm\/image\/binarydata_big_337095.jpg?itok=67UiKpBS\u0022 alt=\u0022\u0022 \/\u003E\n\n    \u003C\/picture\u003E\n    \n\n    \u003C\/div\u003E\n    \u003Cdiv class=\u0022teaser-content\u0022\u003E\n                    \u003Cdiv class=\u0022teaser-content--kicker\u0022\u003E\n                    \n        \u003C\/div\u003E\n                                              \n                        \n        \u003Ch4 class=\u0022teaser-content--headline\u0022\u003E\n                                Werbeschild \n                              \u003Cspan class=\u0022headline-last-word-arrow\u0022\u003E#21                      \u003C\/span\u003E\n        \u003C\/h4\u003E\n            \u003Cdiv class=\u0022teaser-content--publishing-date\u0022\u003E\u003Ctime datetime=\u00222011-11-14T13:03:52Z\u0022\u003E14.11.2011\u003C\/time\u003E\n\u003C\/div\u003E\u003Cspan class=\u0022teaser-content--publishing-date-divider\u0022\u003E - \u003C\/span\u003E\u003Cdiv class=\u0022teaser-content--body\u0022\u003E\u003Cp\u003E\u0026nbsp;\u003C\/p\u003E\n\u003Cp\u003EWerbeschild\u003Cbr\u003EGeschwungener mehrteiliger Grundk\u00f6rper mit Falz- und Wulstabschl\u00fcssen\u003Cbr\u003EMaterial: Kupfer\u003Cbr\u003EVerarbeitung: Falztechnik\u003C\/p\u003E\n\u003C\/div\u003E\n                        \u003Cspan class=\u0022read-more-arrow-container\u0022\u003E\n            \u003Cspan class=\u0022read-more-angled-arrow\u0022\u003E \u003C\/span\u003E\n          \u003C\/span\u003E\n                  \u003C\/div\u003E\n    \u003C\/a\u003E\n\u003Ca href=\u0022\/meisterstuecke-2011\/bodenvase-20\u0022  class=\u0022teaser teaser--standard\u0022 aria-label=\u0022Bodenvase #20\u0022\u003E\n      \u003Cdiv class=\u0022teaser-content--image\u0022\u003E\n              \u003Cpicture\u003E\n                        \u003Csource srcset=\u0022\/sites\/default\/files\/styles\/teaser_standard__m\/public\/ulmer\/de-bm\/image\/binarydata_big_337094.jpg.webp?itok=64QHqPy2 1x\u0022 media=\u0022(min-width: 48.0625em) and (max-width: 64em)\u0022 type=\u0022image\/webp\u0022 width=\u0022161\u0022 height=\u0022242\u0022\/\u003E\n                  \u003Csource srcset=\u0022\/sites\/default\/files\/styles\/teaser_standard__l\/public\/ulmer\/de-bm\/image\/binarydata_big_337094.jpg.webp?itok=YmFf3CqA 1x\u0022 media=\u0022(min-width: 64.0625em)\u0022 type=\u0022image\/webp\u0022 width=\u0022101\u0022 height=\u0022152\u0022\/\u003E\n                  \u003Csource srcset=\u0022\/sites\/default\/files\/styles\/teaser_standard__m\/public\/ulmer\/de-bm\/image\/binarydata_big_337094.jpg?itok=X60RTaYE 1x\u0022 media=\u0022(min-width: 48.0625em) and (max-width: 64em)\u0022 type=\u0022image\/jpeg\u0022 width=\u0022161\u0022 height=\u0022242\u0022\/\u003E\n                  \u003Csource srcset=\u0022\/sites\/default\/files\/styles\/teaser_standard__l\/public\/ulmer\/de-bm\/image\/binarydata_big_337094.jpg?itok=sZDbqDAl 1x\u0022 media=\u0022(min-width: 64.0625em)\u0022 type=\u0022image\/jpeg\u0022 width=\u0022101\u0022 height=\u0022152\u0022\/\u003E\n                          \u003Cimg loading=\u0022eager\u0022 data-caption-hide width=\u0022265\u0022 height=\u0022398\u0022 data-zoomed=\u0022https:\/\/www.baumetall.de\/sites\/default\/files\/styles\/content__zoomed\/public\/ulmer\/de-bm\/image\/binarydata_big_337094.jpg?itok=dAEQ0NxQ\u0022 src=\u0022\/sites\/default\/files\/styles\/teaser_standard__s\/public\/ulmer\/de-bm\/image\/binarydata_big_337094.jpg?itok=3yrGQQUl\u0022 alt=\u0022\u0022 \/\u003E\n\n    \u003C\/picture\u003E\n    \n\n    \u003C\/div\u003E\n    \u003Cdiv class=\u0022teaser-content\u0022\u003E\n                    \u003Cdiv class=\u0022teaser-content--kicker\u0022\u003E\n                    \n        \u003C\/div\u003E\n                                              \n                        \n        \u003Ch4 class=\u0022teaser-content--headline\u0022\u003E\n                                Bodenvase \n                              \u003Cspan class=\u0022headline-last-word-arrow\u0022\u003E#20                      \u003C\/span\u003E\n        \u003C\/h4\u003E\n            \u003Cdiv class=\u0022teaser-content--publishing-date\u0022\u003E\u003Ctime datetime=\u00222011-11-14T13:03:41Z\u0022\u003E14.11.2011\u003C\/time\u003E\n\u003C\/div\u003E\u003Cspan class=\u0022teaser-content--publishing-date-divider\u0022\u003E - \u003C\/span\u003E\u003Cdiv class=\u0022teaser-content--body\u0022\u003E\u003Cp\u003E\u0026nbsp;\u003C\/p\u003E\n\u003Cp\u003EBodenvase\u003Cbr\u003EAchteckiger Grundk\u00f6rper aus 0,8-mm-Zink, abwechselnd konvex und konkav geschwungen\u003Cbr\u003EMaterial: Zink und Messing\u003Cbr\u003EVerarbeitung: Wulst-, Steck-, Falz- und L\u00f6tverbindung\u003C\/p\u003E\n\u003C\/div\u003E\n                        \u003Cspan class=\u0022read-more-arrow-container\u0022\u003E\n            \u003Cspan class=\u0022read-more-angled-arrow\u0022\u003E \u003C\/span\u003E\n          \u003C\/span\u003E\n                  \u003C\/div\u003E\n    \u003C\/a\u003E\n\u003Ca href=\u0022\/meisterstuecke-2011\/sonnenuhr-19\u0022  class=\u0022teaser teaser--standard\u0022 aria-label=\u0022Sonnenuhr #19\u0022\u003E\n      \u003Cdiv class=\u0022teaser-content--image\u0022\u003E\n              \u003Cpicture\u003E\n                        \u003Csource srcset=\u0022\/sites\/default\/files\/styles\/teaser_standard__m\/public\/ulmer\/de-bm\/image\/binarydata_big_337093.jpg.webp?itok=9TLa-_K8 1x\u0022 media=\u0022(min-width: 48.0625em) and (max-width: 64em)\u0022 type=\u0022image\/webp\u0022 width=\u0022161\u0022 height=\u0022242\u0022\/\u003E\n                  \u003Csource srcset=\u0022\/sites\/default\/files\/styles\/teaser_standard__l\/public\/ulmer\/de-bm\/image\/binarydata_big_337093.jpg.webp?itok=tuQ-cUmt 1x\u0022 media=\u0022(min-width: 64.0625em)\u0022 type=\u0022image\/webp\u0022 width=\u0022101\u0022 height=\u0022152\u0022\/\u003E\n                  \u003Csource srcset=\u0022\/sites\/default\/files\/styles\/teaser_standard__m\/public\/ulmer\/de-bm\/image\/binarydata_big_337093.jpg?itok=d9cHW_E0 1x\u0022 media=\u0022(min-width: 48.0625em) and (max-width: 64em)\u0022 type=\u0022image\/jpeg\u0022 width=\u0022161\u0022 height=\u0022242\u0022\/\u003E\n                  \u003Csource srcset=\u0022\/sites\/default\/files\/styles\/teaser_standard__l\/public\/ulmer\/de-bm\/image\/binarydata_big_337093.jpg?itok=NqWlvql- 1x\u0022 media=\u0022(min-width: 64.0625em)\u0022 type=\u0022image\/jpeg\u0022 width=\u0022101\u0022 height=\u0022152\u0022\/\u003E\n                          \u003Cimg loading=\u0022eager\u0022 data-caption-hide width=\u0022265\u0022 height=\u0022398\u0022 data-zoomed=\u0022https:\/\/www.baumetall.de\/sites\/default\/files\/styles\/content__zoomed\/public\/ulmer\/de-bm\/image\/binarydata_big_337093.jpg?itok=x7rn0fga\u0022 src=\u0022\/sites\/default\/files\/styles\/teaser_standard__s\/public\/ulmer\/de-bm\/image\/binarydata_big_337093.jpg?itok=opwKVQTH\u0022 alt=\u0022\u0022 \/\u003E\n\n    \u003C\/picture\u003E\n    \n\n    \u003C\/div\u003E\n    \u003Cdiv class=\u0022teaser-content\u0022\u003E\n                    \u003Cdiv class=\u0022teaser-content--kicker\u0022\u003E\n                    \n        \u003C\/div\u003E\n                                              \n                        \n        \u003Ch4 class=\u0022teaser-content--headline\u0022\u003E\n                                Sonnenuhr \n                              \u003Cspan class=\u0022headline-last-word-arrow\u0022\u003E#19                      \u003C\/span\u003E\n        \u003C\/h4\u003E\n            \u003Cdiv class=\u0022teaser-content--publishing-date\u0022\u003E\u003Ctime datetime=\u00222011-11-14T13:03:33Z\u0022\u003E14.11.2011\u003C\/time\u003E\n\u003C\/div\u003E\u003Cspan class=\u0022teaser-content--publishing-date-divider\u0022\u003E - \u003C\/span\u003E\u003Cdiv class=\u0022teaser-content--body\u0022\u003E\u003Cp\u003E\u0026nbsp;\u003C\/p\u003E\n\u003Cp\u003ESonnenuhr\u003Cbr\u003E16-teilige Bodenplatte als Windrose, Gliederbogen, zw\u00f6lfteilige Segmentkugel\u003Cbr\u003EMaterial: Kupfer, Edelstahl und Messing\u003Cbr\u003EVerarbeitung: Falztechnik\u003C\/p\u003E\n\u003C\/div\u003E\n                        \u003Cspan class=\u0022read-more-arrow-container\u0022\u003E\n            \u003Cspan class=\u0022read-more-angled-arrow\u0022\u003E \u003C\/span\u003E\n          \u003C\/span\u003E\n                  \u003C\/div\u003E\n    \u003C\/a\u003E\n\u003Ca href=\u0022\/meisterstuecke-2011\/standbrunnen-18\u0022  class=\u0022teaser teaser--standard\u0022 aria-label=\u0022Standbrunnen #18\u0022\u003E\n      \u003Cdiv class=\u0022teaser-content--image\u0022\u003E\n              \u003Cpicture\u003E\n                        \u003Csource srcset=\u0022\/sites\/default\/files\/styles\/teaser_standard__m\/public\/ulmer\/de-bm\/image\/binarydata_big_337092.jpg.webp?itok=_ywPxsVL 1x\u0022 media=\u0022(min-width: 48.0625em) and (max-width: 64em)\u0022 type=\u0022image\/webp\u0022 width=\u0022161\u0022 height=\u0022242\u0022\/\u003E\n                  \u003Csource srcset=\u0022\/sites\/default\/files\/styles\/teaser_standard__l\/public\/ulmer\/de-bm\/image\/binarydata_big_337092.jpg.webp?itok=nddcipq8 1x\u0022 media=\u0022(min-width: 64.0625em)\u0022 type=\u0022image\/webp\u0022 width=\u0022101\u0022 height=\u0022152\u0022\/\u003E\n                  \u003Csource srcset=\u0022\/sites\/default\/files\/styles\/teaser_standard__m\/public\/ulmer\/de-bm\/image\/binarydata_big_337092.jpg?itok=zXXUjPSI 1x\u0022 media=\u0022(min-width: 48.0625em) and (max-width: 64em)\u0022 type=\u0022image\/jpeg\u0022 width=\u0022161\u0022 height=\u0022242\u0022\/\u003E\n                  \u003Csource srcset=\u0022\/sites\/default\/files\/styles\/teaser_standard__l\/public\/ulmer\/de-bm\/image\/binarydata_big_337092.jpg?itok=-3ZoqhAs 1x\u0022 media=\u0022(min-width: 64.0625em)\u0022 type=\u0022image\/jpeg\u0022 width=\u0022101\u0022 height=\u0022152\u0022\/\u003E\n                          \u003Cimg loading=\u0022eager\u0022 data-caption-hide width=\u0022265\u0022 height=\u0022398\u0022 data-zoomed=\u0022https:\/\/www.baumetall.de\/sites\/default\/files\/styles\/content__zoomed\/public\/ulmer\/de-bm\/image\/binarydata_big_337092.jpg?itok=FmRcdGdv\u0022 src=\u0022\/sites\/default\/files\/styles\/teaser_standard__s\/public\/ulmer\/de-bm\/image\/binarydata_big_337092.jpg?itok=auFFydfd\u0022 alt=\u0022\u0022 \/\u003E\n\n    \u003C\/picture\u003E\n    \n\n    \u003C\/div\u003E\n    \u003Cdiv class=\u0022teaser-content\u0022\u003E\n                    \u003Cdiv class=\u0022teaser-content--kicker\u0022\u003E\n                    \n        \u003C\/div\u003E\n                                              \n                        \n        \u003Ch4 class=\u0022teaser-content--headline\u0022\u003E\n                                Standbrunnen \n                              \u003Cspan class=\u0022headline-last-word-arrow\u0022\u003E#18                      \u003C\/span\u003E\n        \u003C\/h4\u003E\n            \u003Cdiv class=\u0022teaser-content--publishing-date\u0022\u003E\u003Ctime datetime=\u00222011-11-14T13:03:26Z\u0022\u003E14.11.2011\u003C\/time\u003E\n\u003C\/div\u003E\u003Cspan class=\u0022teaser-content--publishing-date-divider\u0022\u003E - \u003C\/span\u003E\u003Cdiv class=\u0022teaser-content--body\u0022\u003E\u003Cp\u003E\u0026nbsp;\u003C\/p\u003E\n\u003Cp\u003EStandbrunnen\u003Cbr\u003EAchtteiliger Grundk\u00f6rper, nach innen einfach gefalzter Standfu\u00df, nach au\u00dfen gefalzter Sockel, gew\u00f6lbte Wasserfangschale\u003Cbr\u003EMaterial: Patiniertes und walzblankes Kupfer\u003Cbr\u003EVerarbeitung: Falz- und L\u00f6ttechnik sowie Treibarbeiten\u003C\/p\u003E\n\u003C\/div\u003E\n                        \u003Cspan class=\u0022read-more-arrow-container\u0022\u003E\n            \u003Cspan class=\u0022read-more-angled-arrow\u0022\u003E \u003C\/span\u003E\n          \u003C\/span\u003E\n                  \u003C\/div\u003E\n    \u003C\/a\u003E\n\u003Ca href=\u0022\/meisterstuecke-2011\/wandbrunnen-17\u0022  class=\u0022teaser teaser--standard\u0022 aria-label=\u0022Wandbrunnen #17\u0022\u003E\n      \u003Cdiv class=\u0022teaser-content--image\u0022\u003E\n              \u003Cpicture\u003E\n                        \u003Csource srcset=\u0022\/sites\/default\/files\/styles\/teaser_standard__m\/public\/ulmer\/de-bm\/image\/binarydata_big_337091.jpg.webp?itok=NBPhoZqX 1x\u0022 media=\u0022(min-width: 48.0625em) and (max-width: 64em)\u0022 type=\u0022image\/webp\u0022 width=\u0022161\u0022 height=\u0022242\u0022\/\u003E\n                  \u003Csource srcset=\u0022\/sites\/default\/files\/styles\/teaser_standard__l\/public\/ulmer\/de-bm\/image\/binarydata_big_337091.jpg.webp?itok=QkIOV-nm 1x\u0022 media=\u0022(min-width: 64.0625em)\u0022 type=\u0022image\/webp\u0022 width=\u0022101\u0022 height=\u0022152\u0022\/\u003E\n                  \u003Csource srcset=\u0022\/sites\/default\/files\/styles\/teaser_standard__m\/public\/ulmer\/de-bm\/image\/binarydata_big_337091.jpg?itok=a0iXcluY 1x\u0022 media=\u0022(min-width: 48.0625em) and (max-width: 64em)\u0022 type=\u0022image\/jpeg\u0022 width=\u0022161\u0022 height=\u0022242\u0022\/\u003E\n                  \u003Csource srcset=\u0022\/sites\/default\/files\/styles\/teaser_standard__l\/public\/ulmer\/de-bm\/image\/binarydata_big_337091.jpg?itok=7jE9MY5r 1x\u0022 media=\u0022(min-width: 64.0625em)\u0022 type=\u0022image\/jpeg\u0022 width=\u0022101\u0022 height=\u0022152\u0022\/\u003E\n                          \u003Cimg loading=\u0022eager\u0022 data-caption-hide width=\u0022265\u0022 height=\u0022398\u0022 data-zoomed=\u0022https:\/\/www.baumetall.de\/sites\/default\/files\/styles\/content__zoomed\/public\/ulmer\/de-bm\/image\/binarydata_big_337091.jpg?itok=jTbAkKQH\u0022 src=\u0022\/sites\/default\/files\/styles\/teaser_standard__s\/public\/ulmer\/de-bm\/image\/binarydata_big_337091.jpg?itok=DFGNfEPb\u0022 alt=\u0022\u0022 \/\u003E\n\n    \u003C\/picture\u003E\n    \n\n    \u003C\/div\u003E\n    \u003Cdiv class=\u0022teaser-content\u0022\u003E\n                    \u003Cdiv class=\u0022teaser-content--kicker\u0022\u003E\n                    \n        \u003C\/div\u003E\n                                              \n                        \n        \u003Ch4 class=\u0022teaser-content--headline\u0022\u003E\n                                Wandbrunnen \n                              \u003Cspan class=\u0022headline-last-word-arrow\u0022\u003E#17                      \u003C\/span\u003E\n        \u003C\/h4\u003E\n            \u003Cdiv class=\u0022teaser-content--publishing-date\u0022\u003E\u003Ctime datetime=\u00222011-11-14T13:03:18Z\u0022\u003E14.11.2011\u003C\/time\u003E\n\u003C\/div\u003E\u003Cspan class=\u0022teaser-content--publishing-date-divider\u0022\u003E - \u003C\/span\u003E\u003Cdiv class=\u0022teaser-content--body\u0022\u003E\u003Cp\u003E\u0026nbsp;\u003C\/p\u003E\n\u003Cp\u003EWandbrunnen\u003Cbr\u003EGetriebenes Innenbecken mit abgesetztem Ablauf, Bekleidungssegmente und Wandhalterung\u003Cbr\u003EMaterial: Original patiniertes und walzblankes Kupfer\u003Cbr\u003EVerarbeitung: Steh- und Liegefalztechnik, L\u00f6ttechnik und Treibarbeiten\u003C\/p\u003E\n\u003C\/div\u003E\n                        \u003Cspan class=\u0022read-more-arrow-container\u0022\u003E\n            \u003Cspan class=\u0022read-more-angled-arrow\u0022\u003E \u003C\/span\u003E\n          \u003C\/span\u003E\n                  \u003C\/div\u003E\n    \u003C\/a\u003E\n\u003Ca href=\u0022\/meisterstuecke-2011\/windspiel-16\u0022  class=\u0022teaser teaser--standard\u0022 aria-label=\u0022Windspiel #16\u0022\u003E\n      \u003Cdiv class=\u0022teaser-content--image\u0022\u003E\n              \u003Cpicture\u003E\n                        \u003Csource srcset=\u0022\/sites\/default\/files\/styles\/teaser_standard__m\/public\/ulmer\/de-bm\/image\/binarydata_big_337089.jpg.webp?itok=K7DawHjl 1x\u0022 media=\u0022(min-width: 48.0625em) and (max-width: 64em)\u0022 type=\u0022image\/webp\u0022 width=\u0022161\u0022 height=\u0022242\u0022\/\u003E\n                  \u003Csource srcset=\u0022\/sites\/default\/files\/styles\/teaser_standard__l\/public\/ulmer\/de-bm\/image\/binarydata_big_337089.jpg.webp?itok=ocuQciD_ 1x\u0022 media=\u0022(min-width: 64.0625em)\u0022 type=\u0022image\/webp\u0022 width=\u0022101\u0022 height=\u0022152\u0022\/\u003E\n                  \u003Csource srcset=\u0022\/sites\/default\/files\/styles\/teaser_standard__m\/public\/ulmer\/de-bm\/image\/binarydata_big_337089.jpg?itok=dvFlzqWT 1x\u0022 media=\u0022(min-width: 48.0625em) and (max-width: 64em)\u0022 type=\u0022image\/jpeg\u0022 width=\u0022161\u0022 height=\u0022242\u0022\/\u003E\n                  \u003Csource srcset=\u0022\/sites\/default\/files\/styles\/teaser_standard__l\/public\/ulmer\/de-bm\/image\/binarydata_big_337089.jpg?itok=fvOrf9If 1x\u0022 media=\u0022(min-width: 64.0625em)\u0022 type=\u0022image\/jpeg\u0022 width=\u0022101\u0022 height=\u0022152\u0022\/\u003E\n                          \u003Cimg loading=\u0022eager\u0022 data-caption-hide width=\u0022265\u0022 height=\u0022398\u0022 data-zoomed=\u0022https:\/\/www.baumetall.de\/sites\/default\/files\/styles\/content__zoomed\/public\/ulmer\/de-bm\/image\/binarydata_big_337089.jpg?itok=ZYY_iH0a\u0022 src=\u0022\/sites\/default\/files\/styles\/teaser_standard__s\/public\/ulmer\/de-bm\/image\/binarydata_big_337089.jpg?itok=900u8wxR\u0022 alt=\u0022\u0022 \/\u003E\n\n    \u003C\/picture\u003E\n    \n\n    \u003C\/div\u003E\n    \u003Cdiv class=\u0022teaser-content\u0022\u003E\n                    \u003Cdiv class=\u0022teaser-content--kicker\u0022\u003E\n                    \n        \u003C\/div\u003E\n                                              \n                        \n        \u003Ch4 class=\u0022teaser-content--headline\u0022\u003E\n                                Windspiel \n                              \u003Cspan class=\u0022headline-last-word-arrow\u0022\u003E#16                      \u003C\/span\u003E\n        \u003C\/h4\u003E\n            \u003Cdiv class=\u0022teaser-content--publishing-date\u0022\u003E\u003Ctime datetime=\u00222011-11-14T13:03:10Z\u0022\u003E14.11.2011\u003C\/time\u003E\n\u003C\/div\u003E\u003Cspan class=\u0022teaser-content--publishing-date-divider\u0022\u003E - \u003C\/span\u003E\u003Cdiv class=\u0022teaser-content--body\u0022\u003E\u003Cp\u003E\u0026nbsp;\u003C\/p\u003E\n\u003Cp\u003EWindspiel\u003Cbr\u003EVerdrehte Stabilisatoren auf einer Kugelfl\u00e4che abgewickelt, Grundk\u00f6rper mit Messingprisma, kugelgelagerte Windf\u00e4nger\u003Cbr\u003EMaterial: Kupfer und Messing\u003Cbr\u003EVerarbeitung: Falztechnik, Drahteinlage, Hammerschlagtechnik\u003C\/p\u003E\n\u003C\/div\u003E\n                        \u003Cspan class=\u0022read-more-arrow-container\u0022\u003E\n            \u003Cspan class=\u0022read-more-angled-arrow\u0022\u003E \u003C\/span\u003E\n          \u003C\/span\u003E\n                  \u003C\/div\u003E\n    \u003C\/a\u003E\n","entity_type":"node","used_ids":[""],"show_more":"\u003Cdiv class=\u0022del-show-more\u0022\u003E\u003Ca href=\u0022\/ajax\/del\/e7fb95ac-6bb8-4e55-b10a-38e9b491fb9c\/paragraph\/16\/15\/asc\/eyJub2RlIjp7ImlkIjoiNTc3NzMiLCJ0eXBlIjoicGFnZSJ9fQ%3D%3D\u0022 title=\u0022Mehr Elemente anzeigen\u0022 class=\u0022del-show-more-link use-ajax\u0022 rel=\u0022nofollow\u0022 data-target-type=\u0022node\u0022 aria-controls=\u0022del--paragraph-258653--content\u0022 aria-label=\u0022Mehr Elemente anzeigen\u0022\u003EMehr anzeigen\u003C\/a\u003E\u003C\/div\u003E\n"}]